{"id":36792,"date":"2016-06-21T10:29:02","date_gmt":"2016-06-21T15:29:02","guid":{"rendered":"http:\/\/www.biblia.work\/sermones\/ix-jornada-mundial-de-las-enfermedades-raras\/"},"modified":"2016-06-21T10:29:02","modified_gmt":"2016-06-21T15:29:02","slug":"ix-jornada-mundial-de-las-enfermedades-raras","status":"publish","type":"post","link":"https:\/\/www.biblia.work\/sermones\/ix-jornada-mundial-de-las-enfermedades-raras\/","title":{"rendered":"IX Jornada Mundial de las Enfermedades Raras"},"content":{"rendered":"<p style=\"text-align: justify;\"><strong>IX Jornada Mundial de las Enfermedades Raras: Mensaje del Pontificio Consejo para la Pastoral de la Salud<\/strong><\/p>\n<p align=\"justify\">Hoy, 29 de febrero es la <strong>IX Jornada Mundial de las Enfermedades Raras<\/strong> y en esa ocasi\u00f3n el Presidente del Pontificio Consejo para los <strong>Agentes Sanitarios (Pastoral de la Salud)<\/strong>, el arzobispo <strong>Zygmunt Zimowski<\/strong>, ha escrito un mensaje titulado &#8221;En el centro la voz del paciente. Un\u00edos a nosotros para que se escuche la voz de las enfermedades raras&#8221; en el que subraya como desde hace a\u00f1os ese dicasterio siga con atenci\u00f3n las diversas iniciativas a favor de los afectados por esas patolog\u00edas, as\u00ed como las centradas en sus familiares, que a veces son los \u00fanicos que dan voz a un problema que no puede ser refutado por las diversas instancias civiles, cient\u00edficas y pastorales.<\/p>\n<p align=\"justify\">&#8221;Con estas jornadas -explica el prelado- cuyo objetivo es dar el \u00e9nfasis adecuado a estas enfermedades y aumentar su conocimiento, interesa cada vez m\u00e1s a la Iglesia, para que no se abandonen y aislen aquellos que, aunque sufran enfermedades cuya incidencia es m\u00ednima o rara desde el punto de vista num\u00e9rico, no pueden dejarnos indiferentes. De hecho, su condici\u00f3n, como indica el tema elegido esta vez no puede dejar de encontrar un eco en nuestros corazones y repercutir en acciones oportunas de investigaci\u00f3n y cura&#8221;.<\/p>\n<p align=\"justify\">&#8221;Se trata en particular -especifica- de hacer que estas personas sean cada vez m\u00e1s protagonistas, dotadas de los puntos de referencia necesarios; y al mismo tiempo de sensibilizar a las autoridades competentes, a los agentes sanitarios, a los investigadores, a la industria farmac\u00e9utica y a cualquier persona que tenga un inter\u00e9s sincero en las enfermedades raras. Todo esto con el fin de romper ese muro de silencio o de exclusi\u00f3n que en muchos casos hace correr el peligro de ocultar un problema que, sin embargo, ata\u00f1e a toda la sociedad.<\/p>\n<p align=\"justify\">En ese compromiso &#8221;tambi\u00e9n se siente involucrada la Iglesia,a la que el Papa Francisco llama constantemente a crecer y caminar en la solidaridad. Mediante este dicasterio la Iglesia, haciendo suya la voz que se alza desde muchas partes para lograr el bien com\u00fan y la justicia en el \u00e1mbito socio-sanitario, quiere interesar a ese sector y a las diferentes instituciones de investigaci\u00f3n cient\u00edfica en sus acciones pastorales acerca de las enfermedades raras y desatendidas, entendidas como enfermedades que invitan especialmente la solidaridad&#8221;.<\/p>\n<p align=\"justify\">Esa atenci\u00f3n eclesial se manifestar\u00e1 concretamente en la pr\u00f3xima Conferencia Internacional, organizada por el Consejo Pontificio para la Pastoral de la Salud, que tendr\u00e1 lugar en el Vaticano del 10 al 12 de noviembre de 2016. Esta iniciativa, casi al final del Jubileo extraordinario de la Misericordia brindar\u00e1 la oportunidad de valorizar la obra de misericordia corporal de asistencia a los enfermos. Se desarrollar\u00e1 bajo el signo de la proximidad solidaria con las personas afectadas por patolog\u00edas raras, as\u00ed como con las poblaciones pobres y vulnerables marcadas por enfermedades desatendidas, que por lo general viven en zonas rurales entre las m\u00e1s remota del mundo.<\/p>\n<p style=\"text-align: justify;\">Ciudad del Vaticano, 29 de febrero de 2016 (Vis).-<\/p>\n","protected":false},"excerpt":{"rendered":"<p>IX Jornada Mundial de las Enfermedades Raras: Mensaje del Pontificio Consejo para la Pastoral de la Salud Hoy, 29 de febrero es la IX Jornada Mundial de las Enfermedades Raras y en esa ocasi\u00f3n el Presidente del Pontificio Consejo para los Agentes Sanitarios (Pastoral de la Salud), el arzobispo Zygmunt Zimowski, ha escrito un mensaje &hellip; <a href=\"https:\/\/www.biblia.work\/sermones\/ix-jornada-mundial-de-las-enfermedades-raras\/\" class=\"more-link\">Continuar leyendo<span class=\"screen-reader-text\"> \u00abIX Jornada Mundial de las Enfermedades Raras\u00bb<\/span><\/a><\/p>\n","protected":false},"author":1,"featured_media":0,"comment_status":"open","ping_status":"closed","sticky":false,"template":"","format":"standard","meta":{"footnotes":""},"categories":[1],"tags":[],"class_list":["post-36792","post","type-post","status-publish","format-standard","hentry","category-general"],"_links":{"self":[{"href":"https:\/\/www.biblia.work\/sermones\/wp-json\/wp\/v2\/posts\/36792","targetHints":{"allow":["GET"]}}],"collection":[{"href":"https:\/\/www.biblia.work\/sermones\/wp-json\/wp\/v2\/posts"}],"about":[{"href":"https:\/\/www.biblia.work\/sermones\/wp-json\/wp\/v2\/types\/post"}],"author":[{"embeddable":true,"href":"https:\/\/www.biblia.work\/sermones\/wp-json\/wp\/v2\/users\/1"}],"replies":[{"embeddable":true,"href":"https:\/\/www.biblia.work\/sermones\/wp-json\/wp\/v2\/comments?post=36792"}],"version-history":[{"count":0,"href":"https:\/\/www.biblia.work\/sermones\/wp-json\/wp\/v2\/posts\/36792\/revisions"}],"wp:attachment":[{"href":"https:\/\/www.biblia.work\/sermones\/wp-json\/wp\/v2\/media?parent=36792"}],"wp:term":[{"taxonomy":"category","embeddable":true,"href":"https:\/\/www.biblia.work\/sermones\/wp-json\/wp\/v2\/categories?post=36792"},{"taxonomy":"post_tag","embeddable":true,"href":"https:\/\/www.biblia.work\/sermones\/wp-json\/wp\/v2\/tags?post=36792"}],"curies":[{"name":"wp","href":"https:\/\/api.w.org\/{rel}","templated":true}]}}