{"id":36794,"date":"2016-06-21T10:29:10","date_gmt":"2016-06-21T15:29:10","guid":{"rendered":"http:\/\/www.biblia.work\/sermones\/intenciones-de-oracion-del-papa-para-el-mes-de-marzo-de-2016\/"},"modified":"2016-06-21T10:29:10","modified_gmt":"2016-06-21T15:29:10","slug":"intenciones-de-oracion-del-papa-para-el-mes-de-marzo-de-2016","status":"publish","type":"post","link":"https:\/\/www.biblia.work\/sermones\/intenciones-de-oracion-del-papa-para-el-mes-de-marzo-de-2016\/","title":{"rendered":"Intenciones de oraci\u00f3n del Papa para el mes de marzo de 2016"},"content":{"rendered":"<p style=\"text-align: justify;\"><strong>Intenciones de oraci\u00f3n del Papa para el mes de marzo de 2016<\/strong><\/p>\n<p align=\"justify\">La intenci\u00f3n universal del apostolado de la oraci\u00f3n del Santo Padre para el mes de marzo de 2016 es: &#8221;Para que las familias en dificultad reciban el apoyo necesario y los ni\u00f1os puedan crecer en ambientes sanos y serenos&#8221;.<\/p>\n<p align=\"justify\">Su intenci\u00f3n evangelizadora es: &#8221;Para que los cristianos discriminados o perseguidos a causa de su fe, se mantengan firmes en las pruebas guardando la fidelidad al Evangelio, gracias a la oraci\u00f3n incesante de toda la Iglesia&#8221;.<\/p>\n<p style=\"text-align: justify;\">Ciudad del Vaticano, 29 de febrero de 2016 (Vis).-<\/p>\n","protected":false},"excerpt":{"rendered":"<p>Intenciones de oraci\u00f3n del Papa para el mes de marzo de 2016 La intenci\u00f3n universal del apostolado de la oraci\u00f3n del Santo Padre para el mes de marzo de 2016 es: &#8221;Para que las familias en dificultad reciban el apoyo necesario y los ni\u00f1os puedan crecer en ambientes sanos y serenos&#8221;. Su intenci\u00f3n evangelizadora es: &hellip; <a href=\"https:\/\/www.biblia.work\/sermones\/intenciones-de-oracion-del-papa-para-el-mes-de-marzo-de-2016\/\" class=\"more-link\">Continuar leyendo<span class=\"screen-reader-text\"> \u00abIntenciones de oraci\u00f3n del Papa para el mes de marzo de 2016\u00bb<\/span><\/a><\/p>\n","protected":false},"author":1,"featured_media":0,"comment_status":"open","ping_status":"closed","sticky":false,"template":"","format":"standard","meta":{"footnotes":""},"categories":[1],"tags":[],"class_list":["post-36794","post","type-post","status-publish","format-standard","hentry","category-general"],"_links":{"self":[{"href":"https:\/\/www.biblia.work\/sermones\/wp-json\/wp\/v2\/posts\/36794","targetHints":{"allow":["GET"]}}],"collection":[{"href":"https:\/\/www.biblia.work\/sermones\/wp-json\/wp\/v2\/posts"}],"about":[{"href":"https:\/\/www.biblia.work\/sermones\/wp-json\/wp\/v2\/types\/post"}],"author":[{"embeddable":true,"href":"https:\/\/www.biblia.work\/sermones\/wp-json\/wp\/v2\/users\/1"}],"replies":[{"embeddable":true,"href":"https:\/\/www.biblia.work\/sermones\/wp-json\/wp\/v2\/comments?post=36794"}],"version-history":[{"count":0,"href":"https:\/\/www.biblia.work\/sermones\/wp-json\/wp\/v2\/posts\/36794\/revisions"}],"wp:attachment":[{"href":"https:\/\/www.biblia.work\/sermones\/wp-json\/wp\/v2\/media?parent=36794"}],"wp:term":[{"taxonomy":"category","embeddable":true,"href":"https:\/\/www.biblia.work\/sermones\/wp-json\/wp\/v2\/categories?post=36794"},{"taxonomy":"post_tag","embeddable":true,"href":"https:\/\/www.biblia.work\/sermones\/wp-json\/wp\/v2\/tags?post=36794"}],"curies":[{"name":"wp","href":"https:\/\/api.w.org\/{rel}","templated":true}]}}