{"id":36795,"date":"2016-06-21T10:29:14","date_gmt":"2016-06-21T15:29:14","guid":{"rendered":"http:\/\/www.biblia.work\/sermones\/el-papa-francisco-acude-a-funeral-de-recepcionista-de-santa-marta-que-murio-embarazada\/"},"modified":"2016-06-21T10:29:14","modified_gmt":"2016-06-21T15:29:14","slug":"el-papa-francisco-acude-a-funeral-de-recepcionista-de-santa-marta-que-murio-embarazada","status":"publish","type":"post","link":"https:\/\/www.biblia.work\/sermones\/el-papa-francisco-acude-a-funeral-de-recepcionista-de-santa-marta-que-murio-embarazada\/","title":{"rendered":"El Papa Francisco acude a funeral de recepcionista de Santa Marta que muri\u00f3 embarazada"},"content":{"rendered":"<p align=\"justify\"><strong>El Papa Francisco acude a funeral de recepcionista de Santa Marta que muri\u00f3 embarazada<\/strong><\/p>\n<p align=\"justify\">El Papa Francisco acudi\u00f3 esta ma\u00f1ana al funeral de Miriam Wuolou, una de las recepcionistas la Casa Santa Marta, que falleci\u00f3 la semana pasada en su domicilio.<\/p>\n<p align=\"justify\">La mujer, de 34 a\u00f1os de edad, estaba embarazada de siete meses y sufr\u00eda diabetes. Falleci\u00f3 en su departamento, donde estaba de licencia por maternidad.<\/p>\n<p align=\"justify\">El Vocero del Vaticano, el P. Federico Lombardi, inform\u00f3 esta ma\u00f1ana que el Papa acudi\u00f3 a la iglesia de San Stefano degli Abissino \u201cpara orar por la difunta, demostrando su afecto y respeto por esta querida colaboradora de la Casa Santa Marta\u201d.<\/p>\n<p align=\"justify\">Francisco \u201cpermaneci\u00f3 en oraci\u00f3n silenciosa durante unos veinte minutos y ha depositado un ramo de doce rosas blancas\u201d.<\/p>\n<p align=\"justify\">\u201cPara nosotros, ha muerto por causas naturales. Se conoc\u00eda que la mujer estaba enferma de diabetes\u201d, explic\u00f3 Lombardi.<\/p>\n<p align=\"justify\">El 23 de febrero, las fuerzas de seguridad, alertadas por el hermano de la mujer, la encontraron muerta en su departamento luego de que durante varios d\u00edas no respondiera al tel\u00e9fono.<\/p>\n<p align=\"justify\">La polic\u00eda italiana inici\u00f3 una investigaci\u00f3n para confirmar si la muerte se debi\u00f3 a causas naturales. Se cree que la mujer habr\u00eda muerto cuatro d\u00edas antes debido al mal funcionamiento de la v\u00e1lvula de insulina que usaba para controlar el nivel gluc\u00e9mico.<\/p>\n<p align=\"justify\">Por Alvaro de Juana<\/p>\n<p align=\"justify\">El Papa ora por Miriam Woldu. Foto: L&#8217;Osservatore Romano<\/p>\n<p align=\"justify\">VATICANO, 27 Feb. 16 \/ \u00a0(ACI).-<\/p>\n","protected":false},"excerpt":{"rendered":"<p>El Papa Francisco acude a funeral de recepcionista de Santa Marta que muri\u00f3 embarazada El Papa Francisco acudi\u00f3 esta ma\u00f1ana al funeral de Miriam Wuolou, una de las recepcionistas la Casa Santa Marta, que falleci\u00f3 la semana pasada en su domicilio. La mujer, de 34 a\u00f1os de edad, estaba embarazada de siete meses y sufr\u00eda &hellip; <a href=\"https:\/\/www.biblia.work\/sermones\/el-papa-francisco-acude-a-funeral-de-recepcionista-de-santa-marta-que-murio-embarazada\/\" class=\"more-link\">Continuar leyendo<span class=\"screen-reader-text\"> \u00abEl Papa Francisco acude a funeral de recepcionista de Santa Marta que muri\u00f3 embarazada\u00bb<\/span><\/a><\/p>\n","protected":false},"author":1,"featured_media":0,"comment_status":"open","ping_status":"closed","sticky":false,"template":"","format":"standard","meta":{"footnotes":""},"categories":[1],"tags":[],"class_list":["post-36795","post","type-post","status-publish","format-standard","hentry","category-general"],"_links":{"self":[{"href":"https:\/\/www.biblia.work\/sermones\/wp-json\/wp\/v2\/posts\/36795","targetHints":{"allow":["GET"]}}],"collection":[{"href":"https:\/\/www.biblia.work\/sermones\/wp-json\/wp\/v2\/posts"}],"about":[{"href":"https:\/\/www.biblia.work\/sermones\/wp-json\/wp\/v2\/types\/post"}],"author":[{"embeddable":true,"href":"https:\/\/www.biblia.work\/sermones\/wp-json\/wp\/v2\/users\/1"}],"replies":[{"embeddable":true,"href":"https:\/\/www.biblia.work\/sermones\/wp-json\/wp\/v2\/comments?post=36795"}],"version-history":[{"count":0,"href":"https:\/\/www.biblia.work\/sermones\/wp-json\/wp\/v2\/posts\/36795\/revisions"}],"wp:attachment":[{"href":"https:\/\/www.biblia.work\/sermones\/wp-json\/wp\/v2\/media?parent=36795"}],"wp:term":[{"taxonomy":"category","embeddable":true,"href":"https:\/\/www.biblia.work\/sermones\/wp-json\/wp\/v2\/categories?post=36795"},{"taxonomy":"post_tag","embeddable":true,"href":"https:\/\/www.biblia.work\/sermones\/wp-json\/wp\/v2\/tags?post=36795"}],"curies":[{"name":"wp","href":"https:\/\/api.w.org\/{rel}","templated":true}]}}