{"id":36796,"date":"2016-06-21T10:29:31","date_gmt":"2016-06-21T15:29:31","guid":{"rendered":"http:\/\/www.biblia.work\/sermones\/angelus-del-papa-francisco-domingo-28-febrero-2016-la-paciencia-de-dios\/"},"modified":"2016-06-21T10:29:31","modified_gmt":"2016-06-21T15:29:31","slug":"angelus-del-papa-francisco-domingo-28-febrero-2016-la-paciencia-de-dios","status":"publish","type":"post","link":"https:\/\/www.biblia.work\/sermones\/angelus-del-papa-francisco-domingo-28-febrero-2016-la-paciencia-de-dios\/","title":{"rendered":"\u00c1ngelus del Papa Francisco, domingo 28 febrero 2016: la paciencia de Dios"},"content":{"rendered":"<p align=\"justify\"><strong>\u00c1ngelus del Papa Francisco, domingo 28 febrero 2016: la paciencia de Dios es su misericordia<\/strong><\/p>\n<p align=\"justify\">Texto completo de las palabras del Papa Francisco antes del rezo del \u00c1ngelus<br \/>\nQueridos hermanos y hermanas, \u00a1buenos d\u00edas!<\/p>\n<p align=\"justify\">Cada d\u00eda, lamentablemente, las cr\u00f3nicas reportan malas noticias: homicidios, incidentes, cat\u00e1strofes\u2026 en el pasaje evang\u00e9lico de hoy, Jes\u00fas se refiere a dos hechos tr\u00e1gicos que en aquel tiempo hab\u00edan suscitado mucha sensaci\u00f3n: una represi\u00f3n cruel realizada por los soldados romanos dentro del templo; y el derrumbe de la torre de Silo\u00e9, en Jerusal\u00e9n, que hab\u00eda causado dieciocho victimas (Cfr. Lc 13,1-5).<\/p>\n<p align=\"justify\">Jes\u00fas conoce la mentalidad supersticiosa de sus oyentes y sabe que ellos interpretan este tipo de acontecimientos de modo equivocado. De hecho, piensan que, si aquellos hombres han muerto as\u00ed, cruelmente, es signo que Dios los ha castigado por alguna culpa grave que hab\u00edan cometido; por decir: \u201cse lo merec\u00edan\u201d. Y en cambio, el hecho de ser salvados de la desgracia equival\u00eda a sentirse \u201cbien\u201d. Ellos se lo merec\u00edan; yo estoy bien.<\/p>\n<p align=\"justify\">Jes\u00fas rechaza claramente esta visi\u00f3n, porque Dios no permite las tragedias para castigar las culpas, y afirma que aquellas pobres v\u00edctimas no eran peores de los otros. M\u00e1s bien, \u00c9l invita a sacar de estos hechos dolorosos una ense\u00f1anza que se refiere a todos, porque todos somos pecadores; de hecho, dice a aquellos que le hab\u00edan interpelado: \u00abSi ustedes no se convierten, todos acabar\u00e1n de la misma manera\u00bb (v. 3).<\/p>\n<p align=\"justify\">Tambi\u00e9n hoy, frente a ciertas desgracias y a eventos dolorosos, podemos tener la tentaci\u00f3n de \u201cdescargar\u201d la responsabilidad en las victimas o incluso en Dios mismo. Pero el Evangelio nos invita a reflexionar: \u00bfQu\u00e9 idea de Dios nos hemos hecho? \u00bfEstamos realmente convencidos que Dios es as\u00ed, o esto no es otra cosa que nuestra proyecci\u00f3n, un dios hecho \u201ca nuestra imagen y semejanza\u201d? Jes\u00fas, al contrario, nos invita a cambiar el coraz\u00f3n, a hacer una radical inversi\u00f3n en el camino de nuestra vida, abandonando los compromisos con el mal \u2013 y esto lo hacemos todos, \u00bfeh?, los compromisos con el mal \u2013, las hipocres\u00edas \u2013 pero, yo creo que casi todos tenemos un poco, de hipocres\u00eda \u2013, para retomar decididamente el camino del Evangelio. Pero esta ah\u00ed nuevamente, la tentaci\u00f3n de justificarse: \u00bfDe qu\u00e9 cosa debemos convertirnos? \u00bfNo somos en fin de cuentas buenas personas \u2013 cuantas veces hemos pensado esto: pero, en fin de cuentas yo soy bueno, soy una bueno: y no es as\u00ed, \u2018eh? \u2013, no somos creyentes, incluso bastante practicantes? Y nosotros creemos que as\u00ed somos justificados.<\/p>\n<p align=\"justify\">Lamentablemente, cada uno de nosotros se asemeja mucho a un \u00e1rbol que, por a\u00f1os, ha dado m\u00faltiples pruebas de su esterilidad. Pero, para nuestra buena suerte, Jes\u00fas se parece a un agricultor que, con una paciencia sin l\u00edmites, obtiene todav\u00eda una pr\u00f3rroga para la higuera infecunda: \u00abD\u00e9jala todav\u00eda este a\u00f1o \u2013 dice el due\u00f1o \u2013 [\u2026] Puede ser que as\u00ed d\u00e9 frutos en adelante\u00bb (v. 9). Un \u201ca\u00f1o\u201d de gracia: el tiempo del ministerio de Cristo, el tiempo de la Iglesia antes de su regreso glorioso, el tiempo de nuestra vida, marcado por un cierto n\u00famero de Cuaresmas, que se nos ofrecen como ocasiones de arrepentimiento y de salvaci\u00f3n. Un tiempo de un \u201ca\u00f1o jubilar de la misericordia\u201d.<\/p>\n<p align=\"justify\">La invencible paciencia de Jes\u00fas, \u00bfHan pensado ustedes en la paciencia de Dios? Han pensado tambi\u00e9n en su irreducible preocupaci\u00f3n por los pecadores, \u00a1c\u00f3mo deber\u00eda provocarnos a la impaciencia en relaci\u00f3n a nosotros mismos! \u00a1No es jam\u00e1s demasiado tarde para convertirse, jam\u00e1s! Hasta el \u00faltimo momento: la paciencia de Dios nos espera. Recuerden aquella peque\u00f1a historia de Santa Teresa del Ni\u00f1o Jes\u00fas, cuando rezaba por aquel hombre condenado a muerte, un criminal, que no quer\u00eda recibir la consolaci\u00f3n de la Iglesia, rechazaba al sacerdote, no quer\u00eda: quer\u00eda morir as\u00ed. Y ella rezaba, en el convento, y cuando aquel hombre est\u00e1 ah\u00ed, en el momento de ser asesinado, se dirige al sacerdote, toma el Crucifijo y lo besa. \u00a1La paciencia de Dios! Tambi\u00e9n, \u00a1lo mismo hace con nosotros, con todos nosotros!<\/p>\n<p align=\"justify\">Cuantas veces, nosotros no lo sabemos: lo sabremos en el Cielo; pero cuantas veces nosotros estamos ah\u00ed, ah\u00ed, y ah\u00ed el Se\u00f1or nos salva: nos salva porque tiene una gran paciencia por nosotros. Y esta es su misericordia. Jam\u00e1s es tarde para convertirnos, pero \u00a1es urgente, es ahora! Comencemos hoy.<\/p>\n<p align=\"justify\">La Virgen Mar\u00eda nos sostenga, para que podamos abrir el coraz\u00f3n a la gracia de Dios, a su misericordia; y nos ayude a no juzgar jam\u00e1s a los dem\u00e1s, sino a dejarnos interpelar por las desgracias cotidianas para hacer un serio examen de conciencia y arrepentirnos.<br \/>\n(Traducci\u00f3n del italiano, Renato Martinez \u2013 Radio Vaticano)<\/p>\n","protected":false},"excerpt":{"rendered":"<p>\u00c1ngelus del Papa Francisco, domingo 28 febrero 2016: la paciencia de Dios es su misericordia Texto completo de las palabras del Papa Francisco antes del rezo del \u00c1ngelus Queridos hermanos y hermanas, \u00a1buenos d\u00edas! Cada d\u00eda, lamentablemente, las cr\u00f3nicas reportan malas noticias: homicidios, incidentes, cat\u00e1strofes\u2026 en el pasaje evang\u00e9lico de hoy, Jes\u00fas se refiere a &hellip; <a href=\"https:\/\/www.biblia.work\/sermones\/angelus-del-papa-francisco-domingo-28-febrero-2016-la-paciencia-de-dios\/\" class=\"more-link\">Continuar leyendo<span class=\"screen-reader-text\"> \u00ab\u00c1ngelus del Papa Francisco, domingo 28 febrero 2016: la paciencia de Dios\u00bb<\/span><\/a><\/p>\n","protected":false},"author":1,"featured_media":0,"comment_status":"open","ping_status":"closed","sticky":false,"template":"","format":"standard","meta":{"footnotes":""},"categories":[1],"tags":[],"class_list":["post-36796","post","type-post","status-publish","format-standard","hentry","category-general"],"_links":{"self":[{"href":"https:\/\/www.biblia.work\/sermones\/wp-json\/wp\/v2\/posts\/36796","targetHints":{"allow":["GET"]}}],"collection":[{"href":"https:\/\/www.biblia.work\/sermones\/wp-json\/wp\/v2\/posts"}],"about":[{"href":"https:\/\/www.biblia.work\/sermones\/wp-json\/wp\/v2\/types\/post"}],"author":[{"embeddable":true,"href":"https:\/\/www.biblia.work\/sermones\/wp-json\/wp\/v2\/users\/1"}],"replies":[{"embeddable":true,"href":"https:\/\/www.biblia.work\/sermones\/wp-json\/wp\/v2\/comments?post=36796"}],"version-history":[{"count":0,"href":"https:\/\/www.biblia.work\/sermones\/wp-json\/wp\/v2\/posts\/36796\/revisions"}],"wp:attachment":[{"href":"https:\/\/www.biblia.work\/sermones\/wp-json\/wp\/v2\/media?parent=36796"}],"wp:term":[{"taxonomy":"category","embeddable":true,"href":"https:\/\/www.biblia.work\/sermones\/wp-json\/wp\/v2\/categories?post=36796"},{"taxonomy":"post_tag","embeddable":true,"href":"https:\/\/www.biblia.work\/sermones\/wp-json\/wp\/v2\/tags?post=36796"}],"curies":[{"name":"wp","href":"https:\/\/api.w.org\/{rel}","templated":true}]}}