{"id":36797,"date":"2016-06-21T10:29:35","date_gmt":"2016-06-21T15:29:35","guid":{"rendered":"http:\/\/www.biblia.work\/sermones\/el-papa-francisco-con-los-damnificados-en-las-islas-fiji-por-un-ciclon\/"},"modified":"2016-06-21T10:29:35","modified_gmt":"2016-06-21T15:29:35","slug":"el-papa-francisco-con-los-damnificados-en-las-islas-fiji-por-un-ciclon","status":"publish","type":"post","link":"https:\/\/www.biblia.work\/sermones\/el-papa-francisco-con-los-damnificados-en-las-islas-fiji-por-un-ciclon\/","title":{"rendered":"El papa Francisco con los damnificados en las Islas Fiji, por un cicl\u00f3n"},"content":{"rendered":"<p align=\"justify\">El papa Francisco con los damnificados en las Islas Fjyi, por un cicl\u00f3n<\/p>\n<p align=\"justify\">Tras el \u00e1ngelus del domingo 28 de febrero el Papa Francisco manifest\u00f3 su cercan\u00eda a las v\u00edctimas del cicl\u00f3n que ha azotado a la poblaci\u00f3n de las islas Fiji:<\/p>\n<p align=\"justify\">&#8220;Tambi\u00e9n deseo asegurar mi cercan\u00eda al pueblo de las Islas Fiyi, duramente azotado por un cicl\u00f3n devastador. Rezo por las v\u00edctimas y por quienes que est\u00e1n comprometidos con las operaciones de socorro&#8221;.<\/p>\n","protected":false},"excerpt":{"rendered":"<p>El papa Francisco con los damnificados en las Islas Fjyi, por un cicl\u00f3n Tras el \u00e1ngelus del domingo 28 de febrero el Papa Francisco manifest\u00f3 su cercan\u00eda a las v\u00edctimas del cicl\u00f3n que ha azotado a la poblaci\u00f3n de las islas Fiji: &#8220;Tambi\u00e9n deseo asegurar mi cercan\u00eda al pueblo de las Islas Fiyi, duramente azotado &hellip; <a href=\"https:\/\/www.biblia.work\/sermones\/el-papa-francisco-con-los-damnificados-en-las-islas-fiji-por-un-ciclon\/\" class=\"more-link\">Continuar leyendo<span class=\"screen-reader-text\"> \u00abEl papa Francisco con los damnificados en las Islas Fiji, por un cicl\u00f3n\u00bb<\/span><\/a><\/p>\n","protected":false},"author":1,"featured_media":0,"comment_status":"open","ping_status":"closed","sticky":false,"template":"","format":"standard","meta":{"footnotes":""},"categories":[1],"tags":[],"class_list":["post-36797","post","type-post","status-publish","format-standard","hentry","category-general"],"_links":{"self":[{"href":"https:\/\/www.biblia.work\/sermones\/wp-json\/wp\/v2\/posts\/36797","targetHints":{"allow":["GET"]}}],"collection":[{"href":"https:\/\/www.biblia.work\/sermones\/wp-json\/wp\/v2\/posts"}],"about":[{"href":"https:\/\/www.biblia.work\/sermones\/wp-json\/wp\/v2\/types\/post"}],"author":[{"embeddable":true,"href":"https:\/\/www.biblia.work\/sermones\/wp-json\/wp\/v2\/users\/1"}],"replies":[{"embeddable":true,"href":"https:\/\/www.biblia.work\/sermones\/wp-json\/wp\/v2\/comments?post=36797"}],"version-history":[{"count":0,"href":"https:\/\/www.biblia.work\/sermones\/wp-json\/wp\/v2\/posts\/36797\/revisions"}],"wp:attachment":[{"href":"https:\/\/www.biblia.work\/sermones\/wp-json\/wp\/v2\/media?parent=36797"}],"wp:term":[{"taxonomy":"category","embeddable":true,"href":"https:\/\/www.biblia.work\/sermones\/wp-json\/wp\/v2\/categories?post=36797"},{"taxonomy":"post_tag","embeddable":true,"href":"https:\/\/www.biblia.work\/sermones\/wp-json\/wp\/v2\/tags?post=36797"}],"curies":[{"name":"wp","href":"https:\/\/api.w.org\/{rel}","templated":true}]}}