{"id":36798,"date":"2016-06-21T10:29:39","date_gmt":"2016-06-21T15:29:39","guid":{"rendered":"http:\/\/www.biblia.work\/sermones\/el-papa-francisco-encarga-las-meditaciones-para-el-via-crucis-al-cardenal-bassetti\/"},"modified":"2016-06-21T10:29:39","modified_gmt":"2016-06-21T15:29:39","slug":"el-papa-francisco-encarga-las-meditaciones-para-el-via-crucis-al-cardenal-bassetti","status":"publish","type":"post","link":"https:\/\/www.biblia.work\/sermones\/el-papa-francisco-encarga-las-meditaciones-para-el-via-crucis-al-cardenal-bassetti\/","title":{"rendered":"El Papa Francisco encarga las meditaciones para el V\u00eda Crucis al cardenal Bassetti"},"content":{"rendered":"<p style=\"text-align: justify;\" align=\"JUSTIFY\"><b>Francisco encarga las meditaciones para el V\u00eda Crucis al cardenal Bassetti<\/b><\/p>\n<p style=\"text-align: justify;\" align=\"JUSTIFY\">El arzobispo de Perugia hace un parang\u00f3n entre la Pasi\u00f3n de Cristo y los sufrimientos del mundo de hoy y de los cristianos perseguidos<\/p>\n<p style=\"text-align: justify;\" align=\"JUSTIFY\">\u00a0El santo padre Francisco ha elegido al cardenal Gualterio Bassetti para escribir las meditaciones destinadas al V\u00eda Crucis del Viernes Santo, que se realizar\u00e1 el 25 de marzo pr\u00f3ximo en el Coliseo de Roma.<\/p>\n<p style=\"text-align: justify;\" align=\"JUSTIFY\">El arzobispo de Perugia en declaraciones a Radio Vaticano indic\u00f3 que el V\u00eda Crucis es el tradicional, al que se a\u00f1ade \u201cuna reflexi\u00f3n atenta de lo que est\u00e1 sucediendo en el mundo, especialmente en los lugares en donde se sufre por la guerra, la pobreza y donde se viola diariamente la dignidad de la persona humana\u201d. Esto porque \u201cJes\u00fas vive su pasi\u00f3n personalmente, pero la revive tambi\u00e9n en la humanidad\u201d.<\/p>\n<p style=\"text-align: justify;\" align=\"JUSTIFY\">El purpurado indic\u00f3 que se ha inspirado en el cuadro de \u2018Il Perugino\u2019, que pint\u00f3 en el Monasterio de Santa Mar\u00eda Magdalena de Pazzi: una escena hermosa que relaciona profundamente la Pasi\u00f3n de Jes\u00fas con la del hombre. Adem\u00e1s, para ilustrar los contenidos eligi\u00f3 unas im\u00e1genes del V\u00eda Crucis en cer\u00e1mica, que se encuentran en el seminario de Perugia<\/p>\n<p style=\"text-align: justify;\" align=\"JUSTIFY\">\u201cHe intentado leer el dolor a la luz del gran amor de Dios por la humanidad \u2013dijo el cardenal\u2013 porque contrariamente el dolor no tendr\u00eda sentido. Y a\u00f1adi\u00f3 que \u201cen el A\u00f1o de la Misericordia es claro que el horizonte del V\u00eda Crucis no puede ser sino el del amor y el del perd\u00f3n\u201d.<\/p>\n<p style=\"text-align: justify;\" align=\"JUSTIFY\">El arzobispo de Perugia se\u00f1al\u00f3 que en la cuarta estaci\u00f3n, cuando Jes\u00fas encuentra a su Madre, puso \u201cal lado del drama de Mar\u00eda el drama de nuestras familias, la situaci\u00f3n de las familias y los j\u00f3venes. Y tambi\u00e9n el trabajo es uno de los temas que he querido\u201d.<\/p>\n<p style=\"text-align: justify;\" align=\"JUSTIFY\">O sea \u201clos peque\u00f1os y grandes dramas de los hombres de hoy, de la Iglesia misma que tiene necesidad continuamente de purificaci\u00f3n y reconciliaci\u00f3n\u201d. Porque \u201cen el fondo la Pasi\u00f3n y la muerte de Jes\u00fas son nuestra reconciliaci\u00f3n con Dios\u201d, dijo.<\/p>\n<p style=\"text-align: justify;\" align=\"JUSTIFY\">El cardenal no olvid\u00f3 otras situaciones, como cuando se pierde el sentido de la vida o el de \u201ctener que dejar el propio pa\u00eds a causa de la guerra y de la miseria\u201d.<\/p>\n<p style=\"text-align: justify;\" align=\"JUSTIFY\">As\u00ed,el arzobispo Bassetti busc\u00f3 a la luz de la bula de convocaci\u00f3n del A\u00f1o Jubilar, la \u2018Misercordiae vultus\u2019, \u201creflexionar sobre la pasi\u00f3n de la Iglesia, de los hombres y del mundo, con una particular reflexi\u00f3n sobre los cristianos perseguidos\u201d, en particular al meditar sobre la muerte de Jes\u00fas en la Cruz.<\/p>\n<p style=\"text-align: justify;\" align=\"JUSTIFY\">Porque, a\u00f1ade, \u201clos m\u00e1rtires del siglo XXI son sin lugar a dudas los ap\u00f3stoles de hoy. Y como dice justamente el Santo Padre, cuando los asesinan por odio a Cristo, no les preguntan si son protestantes, ortodoxos o cat\u00f3licos\u201d. Lo hacen \u201cpor odio a la fe que ellos expresan\u201d.<\/p>\n<p style=\"text-align: justify;\" align=\"JUSTIFY\">Otra de las estaciones del V\u00eda Crucis que le ha inspirado ha sido la de la muerte de Jes\u00fas en la cruz, que intentar\u00e1 comentarla con una breve poes\u00eda, \u201cdonde est\u00e1 la absoluta soledad de Jes\u00fas, el abandono del Padre, cuando realmente tom\u00f3 sobre s\u00ed el drama de toda la humanidad\u201d.<\/p>\n<p style=\"text-align: justify;\" align=\"JUSTIFY\">\u201cLo que m\u00e1s impresiona a todos, es que Jes\u00fas subi\u00f3 a la cruz porque quiso hacerlo, pudiendo evitarlo, y no baj\u00f3 de la cruz, cuando podr\u00eda haberse bajado, porque \u00c9l era el hijo de Dios\u201d.<\/p>\n<p style=\"text-align: justify;\" align=\"JUSTIFY\">Y concluy\u00f3 que si bien el V\u00eda Crucis de este a\u00f1o se centra en la de los hombres, \u201ctodo despu\u00e9s se concentra en la luz de Pascua, este es el gran mensaje de esperanza que seguimos llevando\u201d.<\/p>\n<p style=\"text-align: justify;\" align=\"JUSTIFY\">(ZENIT \u2013 Ciudad del Vaticano)<\/p>\n","protected":false},"excerpt":{"rendered":"<p>Francisco encarga las meditaciones para el V\u00eda Crucis al cardenal Bassetti El arzobispo de Perugia hace un parang\u00f3n entre la Pasi\u00f3n de Cristo y los sufrimientos del mundo de hoy y de los cristianos perseguidos \u00a0El santo padre Francisco ha elegido al cardenal Gualterio Bassetti para escribir las meditaciones destinadas al V\u00eda Crucis del Viernes &hellip; <a href=\"https:\/\/www.biblia.work\/sermones\/el-papa-francisco-encarga-las-meditaciones-para-el-via-crucis-al-cardenal-bassetti\/\" class=\"more-link\">Continuar leyendo<span class=\"screen-reader-text\"> \u00abEl Papa Francisco encarga las meditaciones para el V\u00eda Crucis al cardenal Bassetti\u00bb<\/span><\/a><\/p>\n","protected":false},"author":1,"featured_media":0,"comment_status":"open","ping_status":"closed","sticky":false,"template":"","format":"standard","meta":{"footnotes":""},"categories":[1],"tags":[],"class_list":["post-36798","post","type-post","status-publish","format-standard","hentry","category-general"],"_links":{"self":[{"href":"https:\/\/www.biblia.work\/sermones\/wp-json\/wp\/v2\/posts\/36798","targetHints":{"allow":["GET"]}}],"collection":[{"href":"https:\/\/www.biblia.work\/sermones\/wp-json\/wp\/v2\/posts"}],"about":[{"href":"https:\/\/www.biblia.work\/sermones\/wp-json\/wp\/v2\/types\/post"}],"author":[{"embeddable":true,"href":"https:\/\/www.biblia.work\/sermones\/wp-json\/wp\/v2\/users\/1"}],"replies":[{"embeddable":true,"href":"https:\/\/www.biblia.work\/sermones\/wp-json\/wp\/v2\/comments?post=36798"}],"version-history":[{"count":0,"href":"https:\/\/www.biblia.work\/sermones\/wp-json\/wp\/v2\/posts\/36798\/revisions"}],"wp:attachment":[{"href":"https:\/\/www.biblia.work\/sermones\/wp-json\/wp\/v2\/media?parent=36798"}],"wp:term":[{"taxonomy":"category","embeddable":true,"href":"https:\/\/www.biblia.work\/sermones\/wp-json\/wp\/v2\/categories?post=36798"},{"taxonomy":"post_tag","embeddable":true,"href":"https:\/\/www.biblia.work\/sermones\/wp-json\/wp\/v2\/tags?post=36798"}],"curies":[{"name":"wp","href":"https:\/\/api.w.org\/{rel}","templated":true}]}}