{"id":36799,"date":"2016-06-21T10:29:43","date_gmt":"2016-06-21T15:29:43","guid":{"rendered":"http:\/\/www.biblia.work\/sermones\/francisco-reitera-la-actualidad-de-la-primera-enciclica-de-benedicto-xvi-deus-caritas-est\/"},"modified":"2016-06-21T10:29:43","modified_gmt":"2016-06-21T15:29:43","slug":"francisco-reitera-la-actualidad-de-la-primera-enciclica-de-benedicto-xvi-deus-caritas-est","status":"publish","type":"post","link":"https:\/\/www.biblia.work\/sermones\/francisco-reitera-la-actualidad-de-la-primera-enciclica-de-benedicto-xvi-deus-caritas-est\/","title":{"rendered":"Francisco reitera la actualidad de la primera enc\u00edclica de Benedicto XVI: &#8221;Deus caritas est&#8221;"},"content":{"rendered":"<p><b>Francisco reitera la actualidad de la primera enc\u00edclica de Benedicto XVI: &#8221;Deus caritas est&#8221;<\/b><\/p>\n<p>&#8221;La enc\u00edclica Deus caritas est conserva intacta la frescura de su mensaje, con el que indica la perspectiva siempre actual para el camino de la Iglesia.<br \/>\nY todos seremos cristianos m\u00e1s aut\u00e9nticos cuanto m\u00e1s vivamos con este esp\u00edritu&#8221;, ha dicho esta ma\u00f1ana el Papa Francisco recibiendo en la Sala Clementina a los participantes en el congreso internacional &#8221;La caridad no pasar\u00e1 jam\u00e1s Perspectivas a los 10 a\u00f1os de la enc\u00edclica Deus caritas est&#8221;, organizado por el Consejo pontificio Cor Unum que ha analizado en las dos \u00faltimas jornadas la repercusi\u00f3n y el horizonte pastoral y teol\u00f3gico abierto por la primera enc\u00edclica del papa Benedicto XVI.<br \/>\nUna enc\u00edclica, se\u00f1al\u00f3 Francisco que &#8221;trata un tema que permite recorrer toda la historia de la Iglesia que, entre otras cosas, es una historia de caridad. Es la historia del amor que hemos recibido de Dios y debemos llevar al mundo: esta caridad recibida y dada es el fundamento de la historia de la Iglesia y de la historia de cada uno de nosotros&#8230;Para cada uno de los fieles, como para la comunidad cristiana en su conjunto, vale la palabra de Jes\u00fas, seg\u00fan la cual la caridad es el primer mandamiento y el m\u00e1s alto&#8221;.<\/p>\n<p>El A\u00f1o jubilar que estamos viviendo, continu\u00f3 el Santo Padre, nos brinda tambi\u00e9n &#8221;la ocasi\u00f3n de volver a este coraz\u00f3n palpitante de nuestra vida y de nuestro testimonio, al centro del anuncio de fe: Dios es amor. Dios no tiene simplemente el deseo o la capacidad de amar; Dios es caridad: la caridad es su esencia, su naturaleza. \u00c9l es \u00fanico, pero no es solitario&#8230; no puede cerrarse en s\u00ed mismo, porque es comuni\u00f3n, es caridad, y la caridad por naturaleza se comunica, se difunde. As\u00ed, Dios asocia al hombre a su vida de amor y, aunque el hombre se aleje de \u00e9l, \u00e9l no permanece distante sino que le sale al encuentro. Este salir al encuentro del hombre, que culmina en la encarnaci\u00f3n del Hijo, es su misericordia&#8230;El programa de Jes\u00fas ?est\u00e1 escrito en la enc\u00edclica? es &#8221;un ?coraz\u00f3n que ve&#8221;. Este coraz\u00f3n ve d\u00f3nde se necesita amor y act\u00faa en consecuencia. Caridad y misericordia est\u00e1n tan estrechamente vinculadas porque son el modo de ser y de actuar de Dios: su identidad y su nombre&#8221;.<\/p>\n<p>El primer aspecto que la enc\u00edclica nos recuerda es &#8221;precisamente el rostro de Dios: qui\u00e9n es el Dios que podemos encontrar en Cristo, cu\u00e1n fiel e insuperable es su amor&#8230; Cualquier forma nuestra de amor, de solidaridad, de compartir es s\u00f3lo un reflejo de la caridad que es Dios. \u00c9l derrama incansablemente su caridad sobre nosotros y nosotros estamos llamados a ser testigos de este amor en el mundo. Por eso, debemos ver la caridad divina como la br\u00fajula que orienta nuestra vida, antes de encaminarnos en cualquier actividad: en ella encontramos la direcci\u00f3n, de ella aprendemos c\u00f3mo mirar a los hermanos y al mundo&#8221;.<\/p>\n<p>Francisco se refiri\u00f3 tambi\u00e9n al segundo e importante aspecto de &#8221;Deus caritas est&#8221; : esa caridad quiere verse reflejada cada vez m\u00e1s en la vida de la Iglesia. &#8221;Cu\u00e1nto desear\u00eda -excalm\u00f3- que en la Iglesia cada fiel, cada instituci\u00f3n, cada actividad revelara que Dios ama al hombre. La misi\u00f3n que desempe\u00f1an nuestros organismos de caridad es importante, porque acercan a muchas personas pobres a una vida m\u00e1s digna, m\u00e1s humana, y esto es algo muy necesario; es una misi\u00f3n important\u00edsima porque, no con palabras, sino con el amor concreto puede hacer sentir a todo hombre que el Padre le ama, que es hijo suyo, destinado a la vida eterna con Dios&#8221;.<\/p>\n<p>&#8221;Quisiera dar las gracias a todos aquellos que trabajan diariamente en esta misi\u00f3n, que interpela a todo cristiano -finaliz\u00f3- En este A\u00f1o jubilar he querido resaltar que todos podemos vivir la gracia del Jubileo, precisamente poniendo in pr\u00e1ctica las obras de misericordia corporales y espirituales: vivir las obras de misericordia significa conjugar el verbo amar como lo hizo Jes\u00fas. Y as\u00ed, todos juntos, contribuimos concretamente a la gran misi\u00f3n de la Iglesia de comunicar el amor de Dios, que desea extenderse&#8221;.<\/p>\n<p>Ciudad del Vaticano, 26 de febrero de 2016 (Vis).-<br \/>\nfoto:\u00a0Benedicto XVI y el Papa Francisco &#8211; AP<\/p>\n","protected":false},"excerpt":{"rendered":"<p>Francisco reitera la actualidad de la primera enc\u00edclica de Benedicto XVI: &#8221;Deus caritas est&#8221; &#8221;La enc\u00edclica Deus caritas est conserva intacta la frescura de su mensaje, con el que indica la perspectiva siempre actual para el camino de la Iglesia. Y todos seremos cristianos m\u00e1s aut\u00e9nticos cuanto m\u00e1s vivamos con este esp\u00edritu&#8221;, ha dicho esta &hellip; <a href=\"https:\/\/www.biblia.work\/sermones\/francisco-reitera-la-actualidad-de-la-primera-enciclica-de-benedicto-xvi-deus-caritas-est\/\" class=\"more-link\">Continuar leyendo<span class=\"screen-reader-text\"> \u00abFrancisco reitera la actualidad de la primera enc\u00edclica de Benedicto XVI: &#8221;Deus caritas est&#8221;\u00bb<\/span><\/a><\/p>\n","protected":false},"author":1,"featured_media":0,"comment_status":"open","ping_status":"closed","sticky":false,"template":"","format":"standard","meta":{"footnotes":""},"categories":[1],"tags":[],"class_list":["post-36799","post","type-post","status-publish","format-standard","hentry","category-general"],"_links":{"self":[{"href":"https:\/\/www.biblia.work\/sermones\/wp-json\/wp\/v2\/posts\/36799","targetHints":{"allow":["GET"]}}],"collection":[{"href":"https:\/\/www.biblia.work\/sermones\/wp-json\/wp\/v2\/posts"}],"about":[{"href":"https:\/\/www.biblia.work\/sermones\/wp-json\/wp\/v2\/types\/post"}],"author":[{"embeddable":true,"href":"https:\/\/www.biblia.work\/sermones\/wp-json\/wp\/v2\/users\/1"}],"replies":[{"embeddable":true,"href":"https:\/\/www.biblia.work\/sermones\/wp-json\/wp\/v2\/comments?post=36799"}],"version-history":[{"count":0,"href":"https:\/\/www.biblia.work\/sermones\/wp-json\/wp\/v2\/posts\/36799\/revisions"}],"wp:attachment":[{"href":"https:\/\/www.biblia.work\/sermones\/wp-json\/wp\/v2\/media?parent=36799"}],"wp:term":[{"taxonomy":"category","embeddable":true,"href":"https:\/\/www.biblia.work\/sermones\/wp-json\/wp\/v2\/categories?post=36799"},{"taxonomy":"post_tag","embeddable":true,"href":"https:\/\/www.biblia.work\/sermones\/wp-json\/wp\/v2\/tags?post=36799"}],"curies":[{"name":"wp","href":"https:\/\/api.w.org\/{rel}","templated":true}]}}