{"id":36801,"date":"2016-06-21T10:29:56","date_gmt":"2016-06-21T15:29:56","guid":{"rendered":"http:\/\/www.biblia.work\/sermones\/perspectivas-teologicas-y-pastorales-una-decada-despues-de-la-enciclica-deus-caritas-est\/"},"modified":"2016-06-21T10:29:56","modified_gmt":"2016-06-21T15:29:56","slug":"perspectivas-teologicas-y-pastorales-una-decada-despues-de-la-enciclica-deus-caritas-est","status":"publish","type":"post","link":"https:\/\/www.biblia.work\/sermones\/perspectivas-teologicas-y-pastorales-una-decada-despues-de-la-enciclica-deus-caritas-est\/","title":{"rendered":"Perspectivas teol\u00f3gicas y pastorales una d\u00e9cada despu\u00e9s de la enc\u00edclica &#8221;Deus caritas est&#8221;"},"content":{"rendered":"<p style=\"text-align: justify;\"><strong>Perspectivas teol\u00f3gicas y pastorales una d\u00e9cada despu\u00e9s de la enc\u00edclica &#8221;Deus caritas est&#8221;<\/strong><\/p>\n<p style=\"text-align: justify;\"><strong>&#8221;La caridad no acaba nunca. Perspectivas diez a\u00f1os despu\u00e9s de la enc\u00edclica Deus caritas est&#8221;,<\/strong> es el t\u00edtulo de la conferencia internacional que tendr\u00e1 lugar del 25 al 26 de febrero en el Aula Nueva del S\u00ednodo en el Vaticano. La conferencia, organizada por el Perspectivas teol\u00f3gicas y pastorales una d\u00e9cada despu\u00e9s de la enc\u00edclica &#8221;Deus caritas est&#8221;, forma parte del programa de acontecimientos del Jubileo de la Misericordia y se propone examinar y profundizar las perspectivas teol\u00f3gicas y pastorales de la enc\u00edclica del Papa Benedicto XVI en el mundo de hoy, en particular para los que trabajan en el servicio de caridad de la Iglesia. Participan en el evento,entre otros, los representantes de las conferencias episcopales y de los organismos de caridad cat\u00f3licos de todo el mundo.<\/p>\n<p align=\"justify\">La conferencia se inaugurar\u00e1 con el saludo de bienvenida de mons. Giampietro Dal Toso, Secretario de ?Cor Unum?, despu\u00e9s de lo cual tomar\u00e1 la palabra el cardenal Gerhard Ludwig M\u00fcller, Prefecto de la Congregaci\u00f3n para la Doctrina de la Fe, con una ponencia titulada: &#8221;La enc\u00edclica Deus caritas est: una lectura teol\u00f3gica&#8221;. Intervendr\u00e1n a continuaci\u00f3n Michel Thio, Presidente de la Confederaci\u00f3n Internacional de San Vicente de Paul, Marina Almeida Costa, Directora de Caritas Cabo Verde y Roy Moussalli, Director Ejecutivo de la Syrian Society for Social Development. Por la tarde hablar\u00e1n del significado del amor en las tres religiones monote\u00edstas el rabino David Shlomo Rosen, Director del Departamento de Asuntos Religiosos del American Jewish Committee de Jerusal\u00e9n, el prof. Saeed Ahmed Khan, docente en la Wayne State University de Detroit (Estados Unidos) y el fil\u00f3sofo Fabrice Hadjadj, Director del Instituto Philanthropos de Friburgo (Suiza).<\/p>\n<p align=\"justify\">La segunda jornada se abrir\u00e1 con la ponencia del cardenal Luis Antonio G. Tagle, arzobispo de Manila (Filipinas) y Presidente de Caritas Internationalis, titulada &#8221;La importancia de la Deus caritas est para el servicio de la caridad de la Iglesia hoy&#8221;, a la que seguir\u00e1n las intervenciones de Alejandro Marius, Presidente della Asociaci\u00f3n Civil Trabajo y Persona (Venezuela), y de Eduardo M. Almeida, Representante en Paraguay de la Inter-American Development Bank. A mediod\u00eda, el Papa recibir\u00e1 a los participantes de la conferencia en el Palacio Apost\u00f3lico y la sesi\u00f3n vespertina se abrir\u00e1 con la relaci\u00f3n del Rev. Prof. Paolo Asolan, docente en la Pontificia Universidad Lateranense (Roma) y del Prof. Rainer Gehrig, docente en la Universidad Cat\u00f3lica de Murcia (Espa\u00f1a).<\/p>\n<p align=\"justify\">Moderar\u00e1 las dos sesiones matutinas Martina Pastorelli, Presidente de Catholic Voices Italia y las vespertinas el prof. Luca Tuninetti, docente en la Pontificia Universidad Urbaniana (Roma).<\/p>\n<p align=\"justify\">Tanto el 25 como el 26 de febrero a las 18.00 en la iglesia de Santa Maria de la Piedad en el Camposanto de los Teut\u00f3nicos habr\u00e1 una celebraci\u00f3n eucar\u00edstica. La primera, presidida por el cardenal Paul Josef Cordes, Presidente em\u00e9rito de ?Cor Unum?; la segunda por el cardenal Robert Sarah, Prefecto de la Congregaci\u00f3n para el Culto Divino y la Disciplina de los Sacramentos.<\/p>\n<p align=\"justify\">La conferencia ser\u00e1 transmitir\u00e1 integralmente en streaming en la web del Pontificio Consejo ?Cor Unum? www.corunumjubilaeum.va<\/p>\n<p style=\"text-align: justify;\">Ciudad del Vaticano, 23 de febrero de 2016 (Vis).-<\/p>\n","protected":false},"excerpt":{"rendered":"<p>Perspectivas teol\u00f3gicas y pastorales una d\u00e9cada despu\u00e9s de la enc\u00edclica &#8221;Deus caritas est&#8221; &#8221;La caridad no acaba nunca. Perspectivas diez a\u00f1os despu\u00e9s de la enc\u00edclica Deus caritas est&#8221;, es el t\u00edtulo de la conferencia internacional que tendr\u00e1 lugar del 25 al 26 de febrero en el Aula Nueva del S\u00ednodo en el Vaticano. La conferencia, &hellip; <a href=\"https:\/\/www.biblia.work\/sermones\/perspectivas-teologicas-y-pastorales-una-decada-despues-de-la-enciclica-deus-caritas-est\/\" class=\"more-link\">Continuar leyendo<span class=\"screen-reader-text\"> \u00abPerspectivas teol\u00f3gicas y pastorales una d\u00e9cada despu\u00e9s de la enc\u00edclica &#8221;Deus caritas est&#8221;\u00bb<\/span><\/a><\/p>\n","protected":false},"author":1,"featured_media":0,"comment_status":"open","ping_status":"closed","sticky":false,"template":"","format":"standard","meta":{"footnotes":""},"categories":[1],"tags":[],"class_list":["post-36801","post","type-post","status-publish","format-standard","hentry","category-general"],"_links":{"self":[{"href":"https:\/\/www.biblia.work\/sermones\/wp-json\/wp\/v2\/posts\/36801","targetHints":{"allow":["GET"]}}],"collection":[{"href":"https:\/\/www.biblia.work\/sermones\/wp-json\/wp\/v2\/posts"}],"about":[{"href":"https:\/\/www.biblia.work\/sermones\/wp-json\/wp\/v2\/types\/post"}],"author":[{"embeddable":true,"href":"https:\/\/www.biblia.work\/sermones\/wp-json\/wp\/v2\/users\/1"}],"replies":[{"embeddable":true,"href":"https:\/\/www.biblia.work\/sermones\/wp-json\/wp\/v2\/comments?post=36801"}],"version-history":[{"count":0,"href":"https:\/\/www.biblia.work\/sermones\/wp-json\/wp\/v2\/posts\/36801\/revisions"}],"wp:attachment":[{"href":"https:\/\/www.biblia.work\/sermones\/wp-json\/wp\/v2\/media?parent=36801"}],"wp:term":[{"taxonomy":"category","embeddable":true,"href":"https:\/\/www.biblia.work\/sermones\/wp-json\/wp\/v2\/categories?post=36801"},{"taxonomy":"post_tag","embeddable":true,"href":"https:\/\/www.biblia.work\/sermones\/wp-json\/wp\/v2\/tags?post=36801"}],"curies":[{"name":"wp","href":"https:\/\/api.w.org\/{rel}","templated":true}]}}