{"id":36802,"date":"2016-06-21T10:30:00","date_gmt":"2016-06-21T15:30:00","guid":{"rendered":"http:\/\/www.biblia.work\/sermones\/nombrado-el-representante-legal-y-responsable-de-la-direccion-administrativa-de-radio-vaticana-a-giacomo-ghisani\/"},"modified":"2016-06-21T10:30:00","modified_gmt":"2016-06-21T15:30:00","slug":"nombrado-el-representante-legal-y-responsable-de-la-direccion-administrativa-de-radio-vaticana-a-giacomo-ghisani","status":"publish","type":"post","link":"https:\/\/www.biblia.work\/sermones\/nombrado-el-representante-legal-y-responsable-de-la-direccion-administrativa-de-radio-vaticana-a-giacomo-ghisani\/","title":{"rendered":"Nombrado el representante legal y responsable de la Direcci\u00f3n Administrativa de Radio Vaticana a Giacomo Ghisani"},"content":{"rendered":"<p style=\"text-align: justify;\"><strong>Nombrado el representante legal y responsable de la Direcci\u00f3n Administrativa de Radio Vaticana a Giacomo Ghisani<\/strong><\/p>\n<p style=\"text-align: justify;\"><strong>Comunicado de la Secretar\u00eda para la Comunicaci\u00f3n<\/strong><\/p>\n<p style=\"text-align: justify;\">\u00a0(RV).-La Secretar\u00eda para la Comunicaci\u00f3n ha emitido hoy el siguiente comunicado:<\/p>\n<p style=\"text-align: justify;\">&#8221;Con motivo del pr\u00f3ximo t\u00e9rmino del servicio en la <strong>Radio Vaticana<\/strong> del Director General, el <strong>Padre Federico Lombardi<\/strong> S.J.y del Director Administrativo <strong>Alberto Gasbarri<\/strong>, el Prefecto de la Secretar\u00eda para la Comunicaci\u00f3n, Mons. <strong>Dario Edoardo Vigan\u00f3<\/strong>, tras la indicaci\u00f3n de la Secretar\u00eda de Estado, ha nombrado &#8221;ad interim&#8221;, a partir del pr\u00f3ximo 1 de marzo, como Representante Legal y Responsable de la Direcci\u00f3n Administrativa de Radio Vaticana a <strong>Giacomo Ghisani<\/strong> con el fin de ocuparse de la administraci\u00f3n ordinaria de Radio Vaticana en el contexto de la reestructuraci\u00f3n actual de los medios de comunicaci\u00f3n vaticanos&#8221;.<\/p>\n<p style=\"text-align: justify;\">Una nota explicativa recuerda que con el Motu Proprio &#8221;El contexto comunicativo actual&#8221;, el 27 de junio de 2015, el Papa Francisco institu\u00eda la Secretar\u00eda para la Comunicaci\u00f3n con el fin de que todos los organismos que hasta entonces se ocupaban de la comunicaci\u00f3n se integrasen en un nuevo dicasterio de la curia romana. Los entes interesados eran el Pontificio Consejo para las Comunicaciones Sociales, la Oficina de Prensa de la Santa Sede, el Servicio de Internet del Vaticano, Radio Vaticano el Centro Televisivo Vaticano, L&#8217;Osservatore Romano, la Tipograf\u00eda Vaticana, el Servicio Fotogr\u00e1fico y la Libreria Editrice Vaticana.<\/p>\n<p style=\"text-align: justify;\">Al Consejo de Cardenales (el llamado C9), junto con el estudio de viabilidad fue presentado el 9 de junio de ese mismo a\u00f1o un calendario de trabajo que indicaba la gradualidad del proceso de unificaci\u00f3n de los organismos a los que tambi\u00e9n se informaba de que, desde la fecha de publicaci\u00f3n del Motu Proprio, continuar\u00edan sus actividades ateni\u00e9ndose, sin embargo, a las indicaciones de la Secretar\u00eda para la Comunicaci\u00f3n.<\/p>\n<p style=\"text-align: justify;\">El proceso ha comenzado y a partir del 1 de enero de 2016 el Pontificio Consejo para las Comunicaciones Sociales y la Oficina de Prensa de la Santa Sede se han unificado, tanto desde el punto de vista administrativo como de gesti\u00f3n. Nada ha cambiado en cuanto a la competencia de la Secretar\u00eda de Estado en relaci\u00f3n con la comunicaci\u00f3n institucional.<\/p>\n<p style=\"text-align: justify;\">Este a\u00f1o, de acuerdo con el cronograma presentado y aprobado, se prev\u00e9 la compleja, pero ciertamente positiva, unificaci\u00f3n de Radio Vaticano y del Centro Televisivo Vaticano, en parte ya puesta en marcha para algunos servicios (como el de ceremonias para la producci\u00f3n y distribuci\u00f3n de sonido e imagen de las ceremonias papales y otros eventos importantes del Vaticano) y para el mejor empleo de los recursos humanos.<\/p>\n<p style=\"text-align: justify;\">En este contexto se explica porqu\u00e9, a finales de febrero, por razones de vencimiento de los respectivos mandatos quinquenales y de jubilaci\u00f3n de dos figuras de alto nivel, el Director General, -el padre Federico Lombardi- y el Director administrativo, -Alberto Gasbarri- no se sustituyan con figuras directivas an\u00e1logas, sino que se designe a un Representante Legal y Responsable de Oficina Administrativa, a saber Giacomo Ghisani, actualmente Director Adjunto de la Direcci\u00f3n General de la Secretar\u00eda para la Comunicaci\u00f3n y excelente conocedor de la realidad de Radio Vaticano despu\u00e9s de haber trabajado durante muchos a\u00f1os como Responsable de la Oficina Legal e Internacional.<\/p>\n<p style=\"text-align: justify;\">El proceso de reestructuraci\u00f3n se acompa\u00f1a con el de formulaci\u00f3n de nuevos estatutos, no s\u00f3lo del Dicasterio, sino tambi\u00e9n del previsto Ente vinculado que asegurar\u00e1 la representaci\u00f3n legal tanto en la sedes institucionales como en las europeas e internacionales. Adem\u00e1s de los nuevos Estatutos se proceder\u00e1 a la reformulaci\u00f3n de los organigramas de los organismos unificados.<\/p>\n<p style=\"text-align: justify;\">&#8221;La tarea que nos espera -dice la nota- representa una gran oportunidad para valorizar, en ambos entes, las \u00e1reas de excelencia y el patrimonio del multiling\u00fcismo y el multiculturalismo&#8221;.<\/p>\n<p style=\"text-align: justify;\">En esta fase, el Centro Televisivo Vaticano continuar\u00e1 refiri\u00e9ndose a Stefano D&#8217;Agostini para la administraci\u00f3n ordinaria. El personal de Radio Vaticano, adem\u00e1s de a Giacomo Ghisani para los asuntos administrativos, har\u00e1 referencia, en lo que respecta a la actividad editorial y a la situaci\u00f3n de las redacciones en diversos idiomas (es decir, la actual Direcci\u00f3n de Programas) al padre Andrzej Majewski, mientras por lo que respecta a los aspectos tecnol\u00f3gicos, incluidas las compras y proyectos de desarrollo (es decir, la actividad y las competencias de la Direcci\u00f3n T\u00e9cnica actual) a Sandro Piervenanzi.<\/p>\n<p style=\"text-align: justify;\">&#8221;La Secretar\u00eda para la Comunicaci\u00f3n -concluye la nota- seguir\u00e1 con cuidado y atenci\u00f3n todo el proceso, para solucionar las eventuales situaciones d\u00edficiles y asegurar su \u00e9xito&#8221;.<\/p>\n<p style=\"text-align: justify;\">Foto: Comunicado de la Secretar\u00eda para la Comunicaci\u00f3n: Los medios de Comunicaci\u00f3n del vaticano al servicio del Papa. &#8211; RV<\/p>\n","protected":false},"excerpt":{"rendered":"<p>Nombrado el representante legal y responsable de la Direcci\u00f3n Administrativa de Radio Vaticana a Giacomo Ghisani Comunicado de la Secretar\u00eda para la Comunicaci\u00f3n \u00a0(RV).-La Secretar\u00eda para la Comunicaci\u00f3n ha emitido hoy el siguiente comunicado: &#8221;Con motivo del pr\u00f3ximo t\u00e9rmino del servicio en la Radio Vaticana del Director General, el Padre Federico Lombardi S.J.y del Director &hellip; <a href=\"https:\/\/www.biblia.work\/sermones\/nombrado-el-representante-legal-y-responsable-de-la-direccion-administrativa-de-radio-vaticana-a-giacomo-ghisani\/\" class=\"more-link\">Continuar leyendo<span class=\"screen-reader-text\"> \u00abNombrado el representante legal y responsable de la Direcci\u00f3n Administrativa de Radio Vaticana a Giacomo Ghisani\u00bb<\/span><\/a><\/p>\n","protected":false},"author":1,"featured_media":0,"comment_status":"open","ping_status":"closed","sticky":false,"template":"","format":"standard","meta":{"footnotes":""},"categories":[1],"tags":[],"class_list":["post-36802","post","type-post","status-publish","format-standard","hentry","category-general"],"_links":{"self":[{"href":"https:\/\/www.biblia.work\/sermones\/wp-json\/wp\/v2\/posts\/36802","targetHints":{"allow":["GET"]}}],"collection":[{"href":"https:\/\/www.biblia.work\/sermones\/wp-json\/wp\/v2\/posts"}],"about":[{"href":"https:\/\/www.biblia.work\/sermones\/wp-json\/wp\/v2\/types\/post"}],"author":[{"embeddable":true,"href":"https:\/\/www.biblia.work\/sermones\/wp-json\/wp\/v2\/users\/1"}],"replies":[{"embeddable":true,"href":"https:\/\/www.biblia.work\/sermones\/wp-json\/wp\/v2\/comments?post=36802"}],"version-history":[{"count":0,"href":"https:\/\/www.biblia.work\/sermones\/wp-json\/wp\/v2\/posts\/36802\/revisions"}],"wp:attachment":[{"href":"https:\/\/www.biblia.work\/sermones\/wp-json\/wp\/v2\/media?parent=36802"}],"wp:term":[{"taxonomy":"category","embeddable":true,"href":"https:\/\/www.biblia.work\/sermones\/wp-json\/wp\/v2\/categories?post=36802"},{"taxonomy":"post_tag","embeddable":true,"href":"https:\/\/www.biblia.work\/sermones\/wp-json\/wp\/v2\/tags?post=36802"}],"curies":[{"name":"wp","href":"https:\/\/api.w.org\/{rel}","templated":true}]}}