{"id":36803,"date":"2016-06-21T10:30:04","date_gmt":"2016-06-21T15:30:04","guid":{"rendered":"http:\/\/www.biblia.work\/sermones\/previsiones-de-la-semana-del-23-al-29-de-febrero-en-la-santa-sede\/"},"modified":"2016-06-21T10:30:04","modified_gmt":"2016-06-21T15:30:04","slug":"previsiones-de-la-semana-del-23-al-29-de-febrero-en-la-santa-sede","status":"publish","type":"post","link":"https:\/\/www.biblia.work\/sermones\/previsiones-de-la-semana-del-23-al-29-de-febrero-en-la-santa-sede\/","title":{"rendered":"Previsiones de la semana del 23 al 29 de febrero en la Santa Sede"},"content":{"rendered":"<p align=\"justify\">Previsiones de la semana del 23 al 29 de febrero en la Santa Sede<\/p>\n<p align=\"justify\">Foto: Numerosos fieles y peregrinos con el Papa en la Plaza de San Pedro durante el segundo domingo de Cuaresma &#8211; AP<\/p>\n<p style=\"text-align: justify;\">(RV).- El <strong>martes 23 de febrero<\/strong> en la sede del Consejo Pontificio para la Cultura tendr\u00e1 lugar, a las 12.30, un encuentro bilateral con conferencia de prensa, con <strong>Mehriban Aliyeva<\/strong>, primera dama de Azerbaiy\u00e1n y presidenta de la Fundaci\u00f3n \u201cHeydar Alieyev\u201d. Se trata de un ente que mediante un Protocolo de entendimiento firmado con el mencionado Dicasterio ha sostenido los costes de la restauraci\u00f3n de las Catacumbas de los Santos Marcelino y Pedro, situadas en la v\u00eda Casilina de Roma, que se inaugurar\u00e1n ese mismo d\u00eda a las 15.00.<\/p>\n<p style=\"text-align: justify;\">El <strong>mi\u00e9rcoles 24 de febrero<\/strong> el <strong>Santo Padre Francisco<\/strong> celebrar\u00e1, a las 10.00 en la Plaza de San Pedro, la tradicional Audiencia General ante la presencia de numerosos fieles y peregrinos procedentes de diversos pa\u00edses, deseosos de escuchar su Catequesis Semanal y de recibir su bendici\u00f3n apost\u00f3lica.<\/p>\n<p style=\"text-align: justify;\">Ese mismo d\u00eda, en el \u00e1mbito de los llamados Mi\u00e9rcoles Culturales de la Pontificia Parroquia de Santa Ana en la Ciudad del Vaticano, en la Sala del Buen Consejo, a las 18.00, se celebrar\u00e1 un encuentro sobre \u201cDon Santino Spart\u00e0 entre fe, cultura y espect\u00e1culo\u201d.<\/p>\n<p style=\"text-align: justify;\">El <strong>jueves 25 de febrero <\/strong>comenzar\u00e1 en el Aula Nueva del S\u00ednodo, el Congreso internacional titulado \u201cLa caridad jam\u00e1s tendr\u00e1 fin (<em>1 Co<\/em> 13, 8). Perspectivas a diez a\u00f1os de la Enc\u00edclica <em>Deus Caritas Est<\/em>\u201d, del Papa em\u00e9rito Benedicto XVI, promulgada el 25 de enero de 2006. El evento, que concluir\u00e1 al d\u00eda siguiente, con la audiencia que conceder\u00e1 a sus participantes el <strong>Papa Francisco<\/strong>, ha sido organizado por el Consejo Pontificio \u201c<em>Cor Unum<\/em>\u201d.<\/p>\n<p style=\"text-align: justify;\">Ese mismo d\u00eda, en el \u00e1mbito del Jubileo de la Misericordia, a las 18,30 en la Bas\u00edlica de Santa Mar\u00eda en Montesanto, en la Plaza del Pueblo, se celebrar\u00e1 un encuentro sobre el tema \u201cMisericordia y belleza en el anuncio de la fe\u201d, con el Cardenal Gianfranco Ravasi, Presidente del Consejo para la Cultura. Se trata de un encuentro dedicado a los agentes de la comunicaci\u00f3n que ha sido organizado por la Oficina de Comunicaciones Sociales de la di\u00f3cesis de Roma.<\/p>\n<p style=\"text-align: justify;\">El <strong>viernes 26 de febrero<\/strong>, a las 9.00 en la Capilla <em>Redemptoris Mater<\/em> del Palacio Apost\u00f3lico del Vaticano, tendr\u00e1 lugar la Segunda \u00a0Predicaci\u00f3n de Cuaresma, a cargo del padre Raniero Cantalamessa, predicador de la Casa Pontificia, en la que participar\u00e1 el Papa Francisco junto a los miembros de la Curia Romana sobre el tema: \u201cEl Concilio Vaticano II, 50 a\u00f1os despu\u00e9s. Una consideraci\u00f3n desde el punto de vista espiritual\u201d.<\/p>\n<p style=\"text-align: justify;\">Adem\u00e1s, a mediod\u00eda, el <strong>Papa Bergoglio<\/strong> recibir\u00e1 en audiencia a los participantes\u00a0 en el Congreso internacional sobre el tema \u201cLa caridad jam\u00e1s tendr\u00e1 fin (<em>1 Co<\/em> 13,8). Perspectivas a diez a\u00f1os de la Enc\u00edclica <em>Deus Caritas Est<\/em>\u201d de Benedicto XVI.<\/p>\n<p style=\"text-align: justify;\">Por otra parte, en el \u00e1mbito del Jubileo de la Misericordia, en la sede del <em>Augustinianum<\/em>, se celebrar\u00e1 el Congreso titulado \u201cHacer juntos\u201d, organizado por la Confederaci\u00f3n General de la Industria Italiana, conocida como \u201cConfindustria\u201d, \u00a0sobre la relaci\u00f3n entre \u00e9tica y trabajo. Entre los relatores se destaca la presencia de Monse\u00f1or Dario Edoardo Vigan\u00f2, Prefecto de la Secretar\u00eda para la Comunicaci\u00f3n y del Cardenal Gianfranco Ravasi, Presidente del Consejo Pontificio para la Cultura.<\/p>\n<p style=\"text-align: justify;\">El <strong>s\u00e1bado 27 de febrero<\/strong>, el Papa Francisco recibir\u00e1 en audiencia a unos siete mil empresarios con motivo del Jubileo de la industria.<\/p>\n<p style=\"text-align: justify;\">Ese mismo d\u00eda, a las 16.00 en la Bas\u00edlica de San Pedro, el Cardenal Pietro Parolin, Secretario de Estado de Su Santidad, conferir\u00e1 la Ordenaci\u00f3n Episcopal a Monse\u00f1or Paul Tighe, Secretario adjunto del Consejo Pontificio para la Cultura.<\/p>\n<p style=\"text-align: justify;\">El <strong>28 de febrero, Tercer Domingo de Cuaresma<\/strong> el Papa Francisco rezar\u00e1 a mediod\u00eda la oraci\u00f3n mariana del \u00c1ngelus con los fieles y peregrinos que se dar\u00e1n cita en la Plaza de San Pedro, deseosos de escuchar su comentario al Evangelio y de recibir su bendici\u00f3n apost\u00f3lica.<\/p>\n<p style=\"text-align: justify;\">A partir del <strong>lunes 29 de febrero <\/strong>y hasta el <strong>4 de marzo<\/strong>, en Roma, en el Palacio de la Canciller\u00eda tendr\u00e1 lugar el 27\u00ba Curso, organizado por la Penitenciar\u00eda Apost\u00f3lica sobre el tema: \u201cPongamos en el centro con convicci\u00f3n el Sacramento de la reconciliaci\u00f3n\u201d. El viernes 4 de marzo el Papa Francisco recibir\u00e1 en audiencia a estos participantes.<\/p>\n<p style=\"text-align: justify;\">(Mar\u00eda Fernanda Bernasconi &#8211; RV).<\/p>\n","protected":false},"excerpt":{"rendered":"<p>Previsiones de la semana del 23 al 29 de febrero en la Santa Sede Foto: Numerosos fieles y peregrinos con el Papa en la Plaza de San Pedro durante el segundo domingo de Cuaresma &#8211; AP (RV).- El martes 23 de febrero en la sede del Consejo Pontificio para la Cultura tendr\u00e1 lugar, a las &hellip; <a href=\"https:\/\/www.biblia.work\/sermones\/previsiones-de-la-semana-del-23-al-29-de-febrero-en-la-santa-sede\/\" class=\"more-link\">Continuar leyendo<span class=\"screen-reader-text\"> \u00abPrevisiones de la semana del 23 al 29 de febrero en la Santa Sede\u00bb<\/span><\/a><\/p>\n","protected":false},"author":1,"featured_media":0,"comment_status":"open","ping_status":"closed","sticky":false,"template":"","format":"standard","meta":{"footnotes":""},"categories":[1],"tags":[],"class_list":["post-36803","post","type-post","status-publish","format-standard","hentry","category-general"],"_links":{"self":[{"href":"https:\/\/www.biblia.work\/sermones\/wp-json\/wp\/v2\/posts\/36803","targetHints":{"allow":["GET"]}}],"collection":[{"href":"https:\/\/www.biblia.work\/sermones\/wp-json\/wp\/v2\/posts"}],"about":[{"href":"https:\/\/www.biblia.work\/sermones\/wp-json\/wp\/v2\/types\/post"}],"author":[{"embeddable":true,"href":"https:\/\/www.biblia.work\/sermones\/wp-json\/wp\/v2\/users\/1"}],"replies":[{"embeddable":true,"href":"https:\/\/www.biblia.work\/sermones\/wp-json\/wp\/v2\/comments?post=36803"}],"version-history":[{"count":0,"href":"https:\/\/www.biblia.work\/sermones\/wp-json\/wp\/v2\/posts\/36803\/revisions"}],"wp:attachment":[{"href":"https:\/\/www.biblia.work\/sermones\/wp-json\/wp\/v2\/media?parent=36803"}],"wp:term":[{"taxonomy":"category","embeddable":true,"href":"https:\/\/www.biblia.work\/sermones\/wp-json\/wp\/v2\/categories?post=36803"},{"taxonomy":"post_tag","embeddable":true,"href":"https:\/\/www.biblia.work\/sermones\/wp-json\/wp\/v2\/tags?post=36803"}],"curies":[{"name":"wp","href":"https:\/\/api.w.org\/{rel}","templated":true}]}}