{"id":36804,"date":"2016-06-21T10:30:08","date_gmt":"2016-06-21T15:30:08","guid":{"rendered":"http:\/\/www.biblia.work\/sermones\/los-ninos-cantores-de-peru-inician-en-el-vaticano-su-gira-europea\/"},"modified":"2016-06-21T10:30:08","modified_gmt":"2016-06-21T15:30:08","slug":"los-ninos-cantores-de-peru-inician-en-el-vaticano-su-gira-europea","status":"publish","type":"post","link":"https:\/\/www.biblia.work\/sermones\/los-ninos-cantores-de-peru-inician-en-el-vaticano-su-gira-europea\/","title":{"rendered":"Los Ni\u00f1os Cantores de Per\u00fa inician en el Vaticano su gira europea"},"content":{"rendered":"<p style=\"text-align: justify;\"><strong>\u00a0Los Ni\u00f1os Cantores de Per\u00fa inician en el Vaticano su gira europea<\/strong><\/p>\n<p style=\"text-align: justify;\">En su repertorio m\u00fasicas polif\u00f3nicas, desde el Stabat Mater de Pergolesi hasta el Hanaq Pachaq Kusicunin<\/p>\n<p style=\"text-align: justify;\">\u00a0El Coro Nacional de Ni\u00f1os de Per\u00fa inici\u00f3 su gira en Italia y Suiza, cantando este jueves 18 de febrero por la tarde en una ceremonia en la bas\u00edlica de San Pedro, y posteriormente delante de la misma. Interpretaron diversos cantos entre los cuales Hanaq Pachaq Kusicunin.<\/p>\n<p style=\"text-align: justify;\">\u00a0Estaba all\u00ed presente la nueva embajadora de Per\u00fa ante la Santa Sede, Elvira Vel\u00e1squez, funcionaria diplom\u00e1tica, que present\u00f3 sus credenciales al papa Francisco el 7 de diciembre pasado.<\/p>\n<p style=\"text-align: justify;\">\u00a0La directora del coro, M\u00f3nica Canales, indic\u00f3 que ellos son una instituci\u00f3n oficial del Ministerio de Cultura de Per\u00fa. \u201cRepresentamos a nuestro pa\u00eds difundiendo la m\u00fasica peruana y la universal tanto en Per\u00fa como en el extranjero\u201d dijo.<\/p>\n<p style=\"text-align: justify;\">\u00a0Foto: Ni\u00f1os cantores de Per\u00fa en el Vaticano<\/p>\n<p style=\"text-align: justify;\">\u201cHoy hemos participado -indic\u00f3 la directora- cantando en una ceremonia en la bas\u00edlica de San Pedro en Roma y damos inicio as\u00ed a esta gira que incluye a nueve ciudades de Italia y a una de Suiza\u201d.<\/p>\n<p style=\"text-align: justify;\">Entre los lugares en donde va a participar el coro, figuran entre otros los conciertos en la ciudad de As\u00eds, en el teatro All\u2019Antica de la ciudad de Sabbioneta, en el teatro Bibiena de M\u00e1ntova, y la catedral de Mil\u00e1n, donde concluye la gira participando en un oficio religioso.<\/p>\n<p style=\"text-align: justify;\">\u201cQuiero agradecer la iniciativa a la entidad Nausica Opera International de Parma. Ellos ya hab\u00edan trabajado en proyectos de cultura y decidieron hacerlo con el Coro Nacional de ni\u00f1os\u201d. A\u00f1adi\u00f3 que adem\u00e1s \u201cfue fundamental para que los ni\u00f1os est\u00e9n aqu\u00ed, el apoyo del Ministerio de Cultura y del patronato formado por los padres de los ni\u00f1os, as\u00ed como el empe\u00f1o de la embajada de Per\u00fa ante la Santa Sede\u201d.<\/p>\n<p style=\"text-align: justify;\">La directora del coro se\u00f1al\u00f3 que han venido 30 de los 45 que forman el grupo de los mayores del coro, con edad entre los 12 y 16 a\u00f1os. Sobre el repertorio se\u00f1al\u00f3: \u201cVamos a abarcar tanto m\u00fasicas peruanas como universales. Cantaremos el Stabat Mater de Pergolesi y pondremos mucho \u00e9nfasis en la m\u00fasica peruana y popular\u201d.<\/p>\n<p style=\"text-align: justify;\">\u00a0El coro compuesto por sopranos y medio-sopranos, adem\u00e1s va a estrenar algunas obras del maestro peruano Alejandro N\u00fa\u00f1ez Ayauca, quien radica actualmente en Lugano, tras vivir mucho tiempo en Mil\u00e1n.<\/p>\n<p style=\"text-align: justify;\">En el repertorio figuran adem\u00e1s obras peruanas multiling\u00fces, \u201cno solamente en castellano sino tambi\u00e9n en quechua, que era el idioma de los incas y otros idiomas como el ashaninka y shipibo, de minor\u00edas aut\u00f3ctonas pero que son parte de nuestro rico acerbo musical\u201d dijo. Y concluy\u00f3 se\u00f1alando que tendr\u00e1n conciertos casi todos los d\u00edas y que el 28 regresar\u00e1n a Lima.<\/p>\n<p style=\"text-align: justify;\">El maestro Omar Rojas, encargado del entrenamiento de grupo de los m\u00e1s grandes junto a la directora Canales se\u00f1al\u00f3 que \u201cel Coro Nacional de Ni\u00f1os de Per\u00fa est\u00e1 conformado por tres grupos de chicos, de 6 a 8 que son los m\u00e1s peque\u00f1itos, le siguen los de 9 a 11 y los que han venido aqu\u00ed son 12 a 16, y cada grupo tiene sus maestros\u201d. Precis\u00f3 que \u201cel resto de grupos est\u00e1n en este momento iniciando la temporada 2016 en Lima, con sus respectivos maestros, mis colegas\u201d.<\/p>\n<p style=\"text-align: justify;\">Sergio Mora\/ZENIT<\/p>\n<p style=\"text-align: justify;\">Foto: Los Ni\u00f1os Cantores del Per\u00fa delante de la bas\u00edlica de San Pedro. (Copyright uso libre citando la fuente ZENIT.org)<\/p>\n","protected":false},"excerpt":{"rendered":"<p>\u00a0Los Ni\u00f1os Cantores de Per\u00fa inician en el Vaticano su gira europea En su repertorio m\u00fasicas polif\u00f3nicas, desde el Stabat Mater de Pergolesi hasta el Hanaq Pachaq Kusicunin \u00a0El Coro Nacional de Ni\u00f1os de Per\u00fa inici\u00f3 su gira en Italia y Suiza, cantando este jueves 18 de febrero por la tarde en una ceremonia en &hellip; <a href=\"https:\/\/www.biblia.work\/sermones\/los-ninos-cantores-de-peru-inician-en-el-vaticano-su-gira-europea\/\" class=\"more-link\">Continuar leyendo<span class=\"screen-reader-text\"> \u00abLos Ni\u00f1os Cantores de Per\u00fa inician en el Vaticano su gira europea\u00bb<\/span><\/a><\/p>\n","protected":false},"author":1,"featured_media":0,"comment_status":"open","ping_status":"closed","sticky":false,"template":"","format":"standard","meta":{"footnotes":""},"categories":[1],"tags":[],"class_list":["post-36804","post","type-post","status-publish","format-standard","hentry","category-general"],"_links":{"self":[{"href":"https:\/\/www.biblia.work\/sermones\/wp-json\/wp\/v2\/posts\/36804","targetHints":{"allow":["GET"]}}],"collection":[{"href":"https:\/\/www.biblia.work\/sermones\/wp-json\/wp\/v2\/posts"}],"about":[{"href":"https:\/\/www.biblia.work\/sermones\/wp-json\/wp\/v2\/types\/post"}],"author":[{"embeddable":true,"href":"https:\/\/www.biblia.work\/sermones\/wp-json\/wp\/v2\/users\/1"}],"replies":[{"embeddable":true,"href":"https:\/\/www.biblia.work\/sermones\/wp-json\/wp\/v2\/comments?post=36804"}],"version-history":[{"count":0,"href":"https:\/\/www.biblia.work\/sermones\/wp-json\/wp\/v2\/posts\/36804\/revisions"}],"wp:attachment":[{"href":"https:\/\/www.biblia.work\/sermones\/wp-json\/wp\/v2\/media?parent=36804"}],"wp:term":[{"taxonomy":"category","embeddable":true,"href":"https:\/\/www.biblia.work\/sermones\/wp-json\/wp\/v2\/categories?post=36804"},{"taxonomy":"post_tag","embeddable":true,"href":"https:\/\/www.biblia.work\/sermones\/wp-json\/wp\/v2\/tags?post=36804"}],"curies":[{"name":"wp","href":"https:\/\/api.w.org\/{rel}","templated":true}]}}