{"id":36805,"date":"2016-06-21T10:30:12","date_gmt":"2016-06-21T15:30:12","guid":{"rendered":"http:\/\/www.biblia.work\/sermones\/el-cardenal-pell-rechaza-acusaciones-y-pide-investigacion\/"},"modified":"2016-06-21T10:30:12","modified_gmt":"2016-06-21T15:30:12","slug":"el-cardenal-pell-rechaza-acusaciones-y-pide-investigacion","status":"publish","type":"post","link":"https:\/\/www.biblia.work\/sermones\/el-cardenal-pell-rechaza-acusaciones-y-pide-investigacion\/","title":{"rendered":"El cardenal Pell rechaza acusaciones y pide investigaci\u00f3n"},"content":{"rendered":"<p style=\"text-align: justify;\"><strong>\u00a0El cardenal Pell rechaza acusaciones y pide investigaci\u00f3n<\/strong><\/p>\n<p style=\"text-align: justify;\">Filtran deposiciones a la polic\u00eda, una semana antes de que el purpurado preste declaraciones a la Justicia de su pa\u00eds<\/p>\n<p style=\"text-align: justify;\">El cardenal <strong>George Pell<\/strong>, calific\u00f3 como absolutamente falsas e infundadas, las <strong>acusaciones filtradas el viernes por la noche por el Herald Sun.<\/strong><\/p>\n<p style=\"text-align: justify;\">\u00a0El purpurado australiano pidi\u00f3 una investigaci\u00f3n p\u00fablica sobre la fuga de noticias y dijo que \u201csi la polic\u00eda desea hacerle preguntas\u201d \u00e9l va a cooperar, \u201ccomo lo ha hecho siempre en todas las consultas p\u00fablicas\u201d.<\/p>\n<p style=\"text-align: justify;\">La fuga de declaraciones a la polic\u00eda, constituye un ataque \u201cpara hacer el m\u00e1ximo da\u00f1o al Cardenal y la Iglesia Cat\u00f3lica\u201d, declar\u00f3 el purpurado en un comunicado difundido hoy por la Sala de Prensa de la Santa Sede, y pidi\u00f3 al Primer Ministro y al Ministro del Interior de Australia que investiguen inmediatamente la filtraci\u00f3n de estas acusaciones.<\/p>\n<p style=\"text-align: justify;\">El cardenal Pell se\u00f1al\u00f3 que la fuga de noticias sucede una semana antes de las declaraciones que \u00e9l dar\u00e1 ante la Comisi\u00f3n Real, lo que significa atacar p\u00fablicamente a un testigo, ya que el purpurado depondr\u00e1 el 29 de febrero, en videoconferencia desde Roma, en donde trabaja en la gesti\u00f3n de las finanzas del Vaticano.<\/p>\n<p style=\"text-align: justify;\">El cardenal ya ha declarado personalmente en una Investigaci\u00f3n del Parlamento de Victoria y dos veces ante la Real Comisi\u00f3n, durante las visitas p\u00fablicas que ha realizado en S\u00eddney en 2014. La Polic\u00eda de Victoria se neg\u00f3 a comentar sobre la fuga de noticias.<\/p>\n<p style=\"text-align: justify;\">Las conclusiones publicadas en el 2002, por la Southweel, una comisi\u00f3n independiente comisionada parte de la Iglesia, que lleva el nombre del juez retirado del Tribunal Supremo de Victoria, Alec Southwell, excluy\u00f3 al cardenal del delito de haber abusado de un monaguillo en 1962. El cardenal se mostr\u00f3 seguro de que la polic\u00eda va a llegar r\u00e1pidamente a la conclusi\u00f3n de que las acusaciones son falsas.<\/p>\n<p style=\"text-align: justify;\">Sergio Mora\/Zenit<\/p>\n<p style=\"text-align: justify;\">Foto: Bolet\u00edn informativo de la di\u00f3cesis de Melbourne<\/p>\n","protected":false},"excerpt":{"rendered":"<p>\u00a0El cardenal Pell rechaza acusaciones y pide investigaci\u00f3n Filtran deposiciones a la polic\u00eda, una semana antes de que el purpurado preste declaraciones a la Justicia de su pa\u00eds El cardenal George Pell, calific\u00f3 como absolutamente falsas e infundadas, las acusaciones filtradas el viernes por la noche por el Herald Sun. \u00a0El purpurado australiano pidi\u00f3 una &hellip; <a href=\"https:\/\/www.biblia.work\/sermones\/el-cardenal-pell-rechaza-acusaciones-y-pide-investigacion\/\" class=\"more-link\">Continuar leyendo<span class=\"screen-reader-text\"> \u00abEl cardenal Pell rechaza acusaciones y pide investigaci\u00f3n\u00bb<\/span><\/a><\/p>\n","protected":false},"author":1,"featured_media":0,"comment_status":"open","ping_status":"closed","sticky":false,"template":"","format":"standard","meta":{"footnotes":""},"categories":[1],"tags":[],"class_list":["post-36805","post","type-post","status-publish","format-standard","hentry","category-general"],"_links":{"self":[{"href":"https:\/\/www.biblia.work\/sermones\/wp-json\/wp\/v2\/posts\/36805","targetHints":{"allow":["GET"]}}],"collection":[{"href":"https:\/\/www.biblia.work\/sermones\/wp-json\/wp\/v2\/posts"}],"about":[{"href":"https:\/\/www.biblia.work\/sermones\/wp-json\/wp\/v2\/types\/post"}],"author":[{"embeddable":true,"href":"https:\/\/www.biblia.work\/sermones\/wp-json\/wp\/v2\/users\/1"}],"replies":[{"embeddable":true,"href":"https:\/\/www.biblia.work\/sermones\/wp-json\/wp\/v2\/comments?post=36805"}],"version-history":[{"count":0,"href":"https:\/\/www.biblia.work\/sermones\/wp-json\/wp\/v2\/posts\/36805\/revisions"}],"wp:attachment":[{"href":"https:\/\/www.biblia.work\/sermones\/wp-json\/wp\/v2\/media?parent=36805"}],"wp:term":[{"taxonomy":"category","embeddable":true,"href":"https:\/\/www.biblia.work\/sermones\/wp-json\/wp\/v2\/categories?post=36805"},{"taxonomy":"post_tag","embeddable":true,"href":"https:\/\/www.biblia.work\/sermones\/wp-json\/wp\/v2\/tags?post=36805"}],"curies":[{"name":"wp","href":"https:\/\/api.w.org\/{rel}","templated":true}]}}