{"id":36808,"date":"2016-06-21T10:30:31","date_gmt":"2016-06-21T15:30:31","guid":{"rendered":"http:\/\/www.biblia.work\/sermones\/el-papa-francisco-regreso-a-roma-de-su-viaje-por-mexico\/"},"modified":"2016-06-21T10:30:31","modified_gmt":"2016-06-21T15:30:31","slug":"el-papa-francisco-regreso-a-roma-de-su-viaje-por-mexico","status":"publish","type":"post","link":"https:\/\/www.biblia.work\/sermones\/el-papa-francisco-regreso-a-roma-de-su-viaje-por-mexico\/","title":{"rendered":"El Papa Francisco regres\u00f3 a Roma de su viaje por M\u00e9xico"},"content":{"rendered":"<p align=\"justify\"><strong>El Papa Francisco lleg\u00f3 a Roma<\/strong><\/p>\n<p align=\"justify\">(RV).- El Santo Padre regres\u00f3 este jueves a Roma de su 12\u00ba Viaje Apost\u00f3lico Internacional a M\u00e9xico llevado a cabo del 12 al 18 de febrero.<\/p>\n<p align=\"justify\">El vuelo papal B787 de la compa\u00f1\u00eda AeroM\u00e9xico aterriz\u00f3 en el aeropuerto de Roma Ciampino a las 14.57 hora local, despu\u00e9s de doce horas de viaje desde Ciudad Ju\u00e1rez, \u00faltima etapa de Francisco en M\u00e9xico, y despu\u00e9s de haber pasado tambi\u00e9n por Cuba el pasado 12 de febrero, para su encuentro con el Patriarca ruso Kirill. \u00a1Bienvenido Santo Padre!<\/p>\n<p align=\"justify\">FOTO: El Papa ya est\u00e1 de regreso a Roma &#8211; AP, 18-2-2016<\/p>\n<p align=\"justify\">(GM &#8211; RV)<\/p>\n","protected":false},"excerpt":{"rendered":"<p>El Papa Francisco lleg\u00f3 a Roma (RV).- El Santo Padre regres\u00f3 este jueves a Roma de su 12\u00ba Viaje Apost\u00f3lico Internacional a M\u00e9xico llevado a cabo del 12 al 18 de febrero. El vuelo papal B787 de la compa\u00f1\u00eda AeroM\u00e9xico aterriz\u00f3 en el aeropuerto de Roma Ciampino a las 14.57 hora local, despu\u00e9s de doce &hellip; <a href=\"https:\/\/www.biblia.work\/sermones\/el-papa-francisco-regreso-a-roma-de-su-viaje-por-mexico\/\" class=\"more-link\">Continuar leyendo<span class=\"screen-reader-text\"> \u00abEl Papa Francisco regres\u00f3 a Roma de su viaje por M\u00e9xico\u00bb<\/span><\/a><\/p>\n","protected":false},"author":1,"featured_media":0,"comment_status":"open","ping_status":"closed","sticky":false,"template":"","format":"standard","meta":{"footnotes":""},"categories":[1],"tags":[],"class_list":["post-36808","post","type-post","status-publish","format-standard","hentry","category-general"],"_links":{"self":[{"href":"https:\/\/www.biblia.work\/sermones\/wp-json\/wp\/v2\/posts\/36808","targetHints":{"allow":["GET"]}}],"collection":[{"href":"https:\/\/www.biblia.work\/sermones\/wp-json\/wp\/v2\/posts"}],"about":[{"href":"https:\/\/www.biblia.work\/sermones\/wp-json\/wp\/v2\/types\/post"}],"author":[{"embeddable":true,"href":"https:\/\/www.biblia.work\/sermones\/wp-json\/wp\/v2\/users\/1"}],"replies":[{"embeddable":true,"href":"https:\/\/www.biblia.work\/sermones\/wp-json\/wp\/v2\/comments?post=36808"}],"version-history":[{"count":0,"href":"https:\/\/www.biblia.work\/sermones\/wp-json\/wp\/v2\/posts\/36808\/revisions"}],"wp:attachment":[{"href":"https:\/\/www.biblia.work\/sermones\/wp-json\/wp\/v2\/media?parent=36808"}],"wp:term":[{"taxonomy":"category","embeddable":true,"href":"https:\/\/www.biblia.work\/sermones\/wp-json\/wp\/v2\/categories?post=36808"},{"taxonomy":"post_tag","embeddable":true,"href":"https:\/\/www.biblia.work\/sermones\/wp-json\/wp\/v2\/tags?post=36808"}],"curies":[{"name":"wp","href":"https:\/\/api.w.org\/{rel}","templated":true}]}}