{"id":36809,"date":"2016-06-21T10:30:36","date_gmt":"2016-06-21T15:30:36","guid":{"rendered":"http:\/\/www.biblia.work\/sermones\/la-santa-sede-invita-al-gran-iman-de-al-azhar-a-una-audiencia-con-el-papa\/"},"modified":"2016-06-21T10:30:36","modified_gmt":"2016-06-21T15:30:36","slug":"la-santa-sede-invita-al-gran-iman-de-al-azhar-a-una-audiencia-con-el-papa","status":"publish","type":"post","link":"https:\/\/www.biblia.work\/sermones\/la-santa-sede-invita-al-gran-iman-de-al-azhar-a-una-audiencia-con-el-papa\/","title":{"rendered":"La Santa Sede invita al gran im\u00e1n de Al Azhar a una audiencia con el Papa"},"content":{"rendered":"<p align=\"justify\"><strong>La Santa Sede invita al gran im\u00e1n de Al Azhar a una audiencia con el Papa<\/strong><\/p>\n<p align=\"justify\">Una delegaci\u00f3n vaticana hizo llegar al l\u00edder sunn\u00ed la carta con la invitaci\u00f3n, aunque todav\u00eda no hay fecha para el encuentro<\/p>\n<p align=\"justify\">&nbsp;<\/p>\n<p align=\"justify\">La Santa Sede inform\u00f3 este mi\u00e9rcoles en un comunicado sobre la visita de una delegaci\u00f3n de la Iglesia Cat\u00f3lica a la instituci\u00f3n egipcia m\u00e1s prestigiosa del islam sun\u00ed, Al Azhar. A la reuni\u00f3n, que se produjo el martes, asistieron el espa\u00f1ol Miguel \u00c1ngel Ayuso Guixot, secretario del Pontificio Consejo para el Di\u00e1logo Interreligioso, y el nuncio en Egipto, monse\u00f1or Bruno Musar\u00f3.<\/p>\n<p align=\"justify\">Ambos fueron recibidos por un colaborador del gran im\u00e1n, Abbas Shuman, a quien monse\u00f1or Ayuso le entreg\u00f3 una carta con la que el cardenal Jean Louis Tauran, presidente del citado dicasterio, invita al gran im\u00e1n Ahmed al-Tayeb a mantener una audiencia oficial con el papa Francisco en la Ciudad del Vaticano, aunque todav\u00eda no hay fecha para el encuentro.<\/p>\n<p align=\"justify\">La reuni\u00f3n entre los representantes de la Santa Sede y el colaborador del l\u00edder sun\u00ed se desarroll\u00f3 en un \u201cclima de gran cordialidad\u201d y se acord\u00f3 \u201cla importancia de proseguir e intensificar el di\u00e1logo por el bien de la humanidad\u201d.<\/p>\n<p align=\"justify\">ZENIT<\/p>\n<p align=\"justify\">Foto: El Gran Im\u00e1n de Al Azhar<\/p>\n","protected":false},"excerpt":{"rendered":"<p>La Santa Sede invita al gran im\u00e1n de Al Azhar a una audiencia con el Papa Una delegaci\u00f3n vaticana hizo llegar al l\u00edder sunn\u00ed la carta con la invitaci\u00f3n, aunque todav\u00eda no hay fecha para el encuentro &nbsp; La Santa Sede inform\u00f3 este mi\u00e9rcoles en un comunicado sobre la visita de una delegaci\u00f3n de la &hellip; <a href=\"https:\/\/www.biblia.work\/sermones\/la-santa-sede-invita-al-gran-iman-de-al-azhar-a-una-audiencia-con-el-papa\/\" class=\"more-link\">Continuar leyendo<span class=\"screen-reader-text\"> \u00abLa Santa Sede invita al gran im\u00e1n de Al Azhar a una audiencia con el Papa\u00bb<\/span><\/a><\/p>\n","protected":false},"author":1,"featured_media":0,"comment_status":"open","ping_status":"closed","sticky":false,"template":"","format":"standard","meta":{"footnotes":""},"categories":[1],"tags":[],"class_list":["post-36809","post","type-post","status-publish","format-standard","hentry","category-general"],"_links":{"self":[{"href":"https:\/\/www.biblia.work\/sermones\/wp-json\/wp\/v2\/posts\/36809","targetHints":{"allow":["GET"]}}],"collection":[{"href":"https:\/\/www.biblia.work\/sermones\/wp-json\/wp\/v2\/posts"}],"about":[{"href":"https:\/\/www.biblia.work\/sermones\/wp-json\/wp\/v2\/types\/post"}],"author":[{"embeddable":true,"href":"https:\/\/www.biblia.work\/sermones\/wp-json\/wp\/v2\/users\/1"}],"replies":[{"embeddable":true,"href":"https:\/\/www.biblia.work\/sermones\/wp-json\/wp\/v2\/comments?post=36809"}],"version-history":[{"count":0,"href":"https:\/\/www.biblia.work\/sermones\/wp-json\/wp\/v2\/posts\/36809\/revisions"}],"wp:attachment":[{"href":"https:\/\/www.biblia.work\/sermones\/wp-json\/wp\/v2\/media?parent=36809"}],"wp:term":[{"taxonomy":"category","embeddable":true,"href":"https:\/\/www.biblia.work\/sermones\/wp-json\/wp\/v2\/categories?post=36809"},{"taxonomy":"post_tag","embeddable":true,"href":"https:\/\/www.biblia.work\/sermones\/wp-json\/wp\/v2\/tags?post=36809"}],"curies":[{"name":"wp","href":"https:\/\/api.w.org\/{rel}","templated":true}]}}