{"id":36810,"date":"2016-06-21T10:30:40","date_gmt":"2016-06-21T15:30:40","guid":{"rendered":"http:\/\/www.biblia.work\/sermones\/declaracion-de-la-pontificia-comision-para-la-proteccion-de-los-menores\/"},"modified":"2016-06-21T10:30:40","modified_gmt":"2016-06-21T15:30:40","slug":"declaracion-de-la-pontificia-comision-para-la-proteccion-de-los-menores","status":"publish","type":"post","link":"https:\/\/www.biblia.work\/sermones\/declaracion-de-la-pontificia-comision-para-la-proteccion-de-los-menores\/","title":{"rendered":"Declaraci\u00f3n de la Pontificia Comisi\u00f3n para la Protecci\u00f3n de los Menores"},"content":{"rendered":"<p align=\"justify\"><strong>Declaraci\u00f3n de la Pontificia Comisi\u00f3n para la Protecci\u00f3n de los Menores<\/strong><\/p>\n<p align=\"justify\">El Cardinal <strong>Sean O&#8217;Malley<\/strong>, OFM Cap, <strong>Presidente de la Pontificia Comisi\u00f3n para la Protecci\u00f3n de los Menores<\/strong> junto a los otros Miembros ha emitido hoy la siguiente declaraci\u00f3n acerca de la obligaci\u00f3n de denunciar a las autoridades civiles cualquier sospecha de abuso sexual:<\/p>\n<p style=\"text-align: justify;\">?Como ha afirmado claramente el Papa Francisco: &#8221;Los cr\u00edmenes y pecados de los abusos sexuales a menores no pueden ser mantenidos en secreto por m\u00e1s tiempo. Me comprometo a la celosa vigilancia de la Iglesia para proteger a los menores y prometo que todos los responsables rendir\u00e1n cuenta&#8221;. Nosotros, el Presidente y los miembros de la Comisi\u00f3n, queremos afirmar que nuestras obligaciones por cuanto concierne a la ley civil, deben ser sin duda respetadas, pero tambi\u00e9n que m\u00e1s all\u00e1 de estos v\u00ednculos, todos tenemos la responsabilidad moral y \u00e9tica de denunciar los presuntos abusos a las autoridades civiles que tienen la tarea de proteger a nuestra sociedad&#8221;.<\/p>\n<p style=\"text-align: justify;\">El Cardenal O?Malley precisa que en Estados Unidos, la Charter de los Obispos indica claramente la obligaci\u00f3n de todas las di\u00f3cesis o eparqu\u00edas y de todo el personal de denunciar las sospechas de abuso a las autoridades p\u00fablicas. Todos los a\u00f1os, durante la reuni\u00f3n de noviembre, en una sesi\u00f3n formativa para los nuevos Obispos, se reafirma dicha obligaci\u00f3n y todos los meses de febrero , la segunda Conferencia propone un programa de formaci\u00f3n para los nuevos Obispos donde se reitera clara y expl\u00edcitamente ese deber. &#8221;Como Comisi\u00f3n consultiva del Santo Padre para la protecci\u00f3n de los menores ? dice el cardenal- hemos presentado recientemente al Papa un amplio panorama de las iniciativas de educaci\u00f3n de la Comisi\u00f3n para las Iglesias locales durante los \u00faltimos dos a\u00f1os, y reafirmado la voluntad de sus miembros de ofrecer material para los cursos que se desarrollan en Roma, incluyendo, entre otros, el programa anual de formaci\u00f3n para los nuevos Obispos y para las oficinas de la Curia romana para que puedan utilizarlos en sus esfuerzos encaminados a la protecci\u00f3n de los menores?<\/p>\n<p style=\"text-align: justify;\">Ciudad del Vaticano, 15 de febrero de 2016 (Vis).-<\/p>\n","protected":false},"excerpt":{"rendered":"<p>Declaraci\u00f3n de la Pontificia Comisi\u00f3n para la Protecci\u00f3n de los Menores El Cardinal Sean O&#8217;Malley, OFM Cap, Presidente de la Pontificia Comisi\u00f3n para la Protecci\u00f3n de los Menores junto a los otros Miembros ha emitido hoy la siguiente declaraci\u00f3n acerca de la obligaci\u00f3n de denunciar a las autoridades civiles cualquier sospecha de abuso sexual: ?Como &hellip; <a href=\"https:\/\/www.biblia.work\/sermones\/declaracion-de-la-pontificia-comision-para-la-proteccion-de-los-menores\/\" class=\"more-link\">Continuar leyendo<span class=\"screen-reader-text\"> \u00abDeclaraci\u00f3n de la Pontificia Comisi\u00f3n para la Protecci\u00f3n de los Menores\u00bb<\/span><\/a><\/p>\n","protected":false},"author":1,"featured_media":0,"comment_status":"open","ping_status":"closed","sticky":false,"template":"","format":"standard","meta":{"footnotes":""},"categories":[1],"tags":[],"class_list":["post-36810","post","type-post","status-publish","format-standard","hentry","category-general"],"_links":{"self":[{"href":"https:\/\/www.biblia.work\/sermones\/wp-json\/wp\/v2\/posts\/36810","targetHints":{"allow":["GET"]}}],"collection":[{"href":"https:\/\/www.biblia.work\/sermones\/wp-json\/wp\/v2\/posts"}],"about":[{"href":"https:\/\/www.biblia.work\/sermones\/wp-json\/wp\/v2\/types\/post"}],"author":[{"embeddable":true,"href":"https:\/\/www.biblia.work\/sermones\/wp-json\/wp\/v2\/users\/1"}],"replies":[{"embeddable":true,"href":"https:\/\/www.biblia.work\/sermones\/wp-json\/wp\/v2\/comments?post=36810"}],"version-history":[{"count":0,"href":"https:\/\/www.biblia.work\/sermones\/wp-json\/wp\/v2\/posts\/36810\/revisions"}],"wp:attachment":[{"href":"https:\/\/www.biblia.work\/sermones\/wp-json\/wp\/v2\/media?parent=36810"}],"wp:term":[{"taxonomy":"category","embeddable":true,"href":"https:\/\/www.biblia.work\/sermones\/wp-json\/wp\/v2\/categories?post=36810"},{"taxonomy":"post_tag","embeddable":true,"href":"https:\/\/www.biblia.work\/sermones\/wp-json\/wp\/v2\/tags?post=36810"}],"curies":[{"name":"wp","href":"https:\/\/api.w.org\/{rel}","templated":true}]}}