{"id":36812,"date":"2016-06-21T10:30:52","date_gmt":"2016-06-21T15:30:52","guid":{"rendered":"http:\/\/www.biblia.work\/sermones\/recuerdo-de-fieles-ante-tres-anos-de-la-renuncia-de-benedicto-xvi\/"},"modified":"2016-06-21T10:30:52","modified_gmt":"2016-06-21T15:30:52","slug":"recuerdo-de-fieles-ante-tres-anos-de-la-renuncia-de-benedicto-xvi","status":"publish","type":"post","link":"https:\/\/www.biblia.work\/sermones\/recuerdo-de-fieles-ante-tres-anos-de-la-renuncia-de-benedicto-xvi\/","title":{"rendered":"Recuerdo de fieles ante tres a\u00f1os de la renuncia de Benedicto XVI"},"content":{"rendered":"<p style=\"text-align: justify;\"><strong>Tres a\u00f1os de la renuncia de Benedicto XVI, &#8220;humilde trabajador de la vi\u00f1a del Se\u00f1or&#8221;<\/strong><\/p>\n<p style=\"text-align: justify;\">(RV).- \u201cQuerid\u00edsimos hermanos, os doy las gracias de coraz\u00f3n por todo el amor y el trabajo con que hab\u00e9is llevado junto a m\u00ed el peso de mi ministerio, y pido perd\u00f3n por todos mis defectos\u201d, fueron palabras de Benedicto XVI anunciando la renuncia de su pontificado un d\u00eda como hoy, hace tres a\u00f1os. La sorpresiva noticia dej\u00f3 con la boca abierta a todos, quedando siempre en nuestras retinas el legado y la personalidad del Papa Ratzinger que aport\u00f3 tanto a la Iglesia y al mundo.<\/p>\n<p style=\"text-align: justify;\">En la plaza de San Pedro de Roma encontramos a fieles quienes explican el recuerdo que tienen del Papa alem\u00e1n, \u201cun simple y humilde trabajador de la vi\u00f1a del Se\u00f1or\u201d, como se present\u00f3 aquel 19 de abril de 2005 al ser elegido Pont\u00edfice, \u201cFue un grande te\u00f3logo, seguro que le nombrar\u00e1n Doctor de la Iglesia en un futuro\u201d, \u201cRecuerdo su mirada, su humildad, su sabidur\u00eda\u201d, \u201cSe necesitaba a un Benedicto en aquella \u00e9poca, como ahora se necesita un Francisco\u201d, \u201cAprendimos mucho de \u00e9l\u201d, son algunos de sus testimonios.<\/p>\n<p style=\"text-align: justify;\">(MZ-RV)<\/p>\n<p style=\"text-align: justify;\">Foto de archivo: Benedicto XVI entre los fieles &#8211; ANSA<\/p>\n","protected":false},"excerpt":{"rendered":"<p>Tres a\u00f1os de la renuncia de Benedicto XVI, &#8220;humilde trabajador de la vi\u00f1a del Se\u00f1or&#8221; (RV).- \u201cQuerid\u00edsimos hermanos, os doy las gracias de coraz\u00f3n por todo el amor y el trabajo con que hab\u00e9is llevado junto a m\u00ed el peso de mi ministerio, y pido perd\u00f3n por todos mis defectos\u201d, fueron palabras de Benedicto XVI &hellip; <a href=\"https:\/\/www.biblia.work\/sermones\/recuerdo-de-fieles-ante-tres-anos-de-la-renuncia-de-benedicto-xvi\/\" class=\"more-link\">Continuar leyendo<span class=\"screen-reader-text\"> \u00abRecuerdo de fieles ante tres a\u00f1os de la renuncia de Benedicto XVI\u00bb<\/span><\/a><\/p>\n","protected":false},"author":1,"featured_media":0,"comment_status":"open","ping_status":"closed","sticky":false,"template":"","format":"standard","meta":{"footnotes":""},"categories":[1],"tags":[],"class_list":["post-36812","post","type-post","status-publish","format-standard","hentry","category-general"],"_links":{"self":[{"href":"https:\/\/www.biblia.work\/sermones\/wp-json\/wp\/v2\/posts\/36812","targetHints":{"allow":["GET"]}}],"collection":[{"href":"https:\/\/www.biblia.work\/sermones\/wp-json\/wp\/v2\/posts"}],"about":[{"href":"https:\/\/www.biblia.work\/sermones\/wp-json\/wp\/v2\/types\/post"}],"author":[{"embeddable":true,"href":"https:\/\/www.biblia.work\/sermones\/wp-json\/wp\/v2\/users\/1"}],"replies":[{"embeddable":true,"href":"https:\/\/www.biblia.work\/sermones\/wp-json\/wp\/v2\/comments?post=36812"}],"version-history":[{"count":0,"href":"https:\/\/www.biblia.work\/sermones\/wp-json\/wp\/v2\/posts\/36812\/revisions"}],"wp:attachment":[{"href":"https:\/\/www.biblia.work\/sermones\/wp-json\/wp\/v2\/media?parent=36812"}],"wp:term":[{"taxonomy":"category","embeddable":true,"href":"https:\/\/www.biblia.work\/sermones\/wp-json\/wp\/v2\/categories?post=36812"},{"taxonomy":"post_tag","embeddable":true,"href":"https:\/\/www.biblia.work\/sermones\/wp-json\/wp\/v2\/tags?post=36812"}],"curies":[{"name":"wp","href":"https:\/\/api.w.org\/{rel}","templated":true}]}}