{"id":36813,"date":"2016-06-21T10:30:57","date_gmt":"2016-06-21T15:30:57","guid":{"rendered":"http:\/\/www.biblia.work\/sermones\/xiii-reunion-del-consejo-de-cardenales\/"},"modified":"2016-06-21T10:30:57","modified_gmt":"2016-06-21T15:30:57","slug":"xiii-reunion-del-consejo-de-cardenales","status":"publish","type":"post","link":"https:\/\/www.biblia.work\/sermones\/xiii-reunion-del-consejo-de-cardenales\/","title":{"rendered":"XIII reuni\u00f3n del Consejo de Cardenales"},"content":{"rendered":"<p align=\"justify\"><strong>XIII reuni\u00f3n del Consejo de Cardenales: Importancia de la sinodalidad y de una saludable descentralizaci\u00f3n<\/strong><\/p>\n<p align=\"justify\">El director de la Oficina de Prensa de la Santa Sede, <strong>Padre Federico Lombardi<\/strong> SI, ha informado esta ma\u00f1ana sobre el desarrollo de la <strong>reuni\u00f3n del Consejo de Cardenales con el Santo Padre,<\/strong> comenzada ayer lunes, 8 de febrero y finalizada esta ma\u00f1ana, martes 9 de febrero. <\/p>\n<p align=\"justify\">Los purpurados, ha explicado el Padre Lombardi, han concelebrado hoy con el Papa la misa para los Frailes Menores Capuchinos en el altar de la C\u00e1tedra de la bas\u00edlica de San Pedro.<\/p>\n<p align=\"justify\">No ha participado en la reuni\u00f3n el cardenal arzobispo de Bombay (India),<strong> Oswald Gracias<\/strong>, por motivos de salud. Su ausencia estaba prevista desde el mes de diciembre ya que ten\u00eda que someterse a una intervenci\u00f3n quir\u00fargica programada.<\/p>\n<p align=\"justify\">En la primera sesi\u00f3n -siguiendo lo anunciado en la conclusi\u00f3n del encuentro anterior- se trat\u00f3 en profundidad del discurso del Santo Padre con motivo del 50 aniversario del S\u00ednodo de los Obispos (17 de octubre). El discurso, que analizaba ampliamente el tema de la sinodalidad, subrayando al mismo tiempo la necesidad de proceder a una saludable descentralizaci\u00f3n, constituye un punto de referencia importante para la tarea de la reforma de la Curia.<\/p>\n<p align=\"justify\">Posteriormente se procedi\u00f3 a la lectura &#8221;final&#8221; de las propuestas del Consejo a prop\u00f3sito de los dos nuevos dicasterios de los que se habl\u00f3 con anterioridad: &#8221;Laicos, familia y vida&#8221; y &#8221;Justicia, paz y migraciones&#8221;. Las propuestas han concluido y se han sometido a la decisi\u00f3n del Santo Padre.<\/p>\n<p align=\"justify\">El cardenal arzobispo de Boston (EE.UU), <strong>Sean Patrick O&#8217;Malley<\/strong>, ha informado sobre la actividad de la Comisi\u00f3n para la Protecci\u00f3n de los Menores. Las cuestiones jur\u00eddico-disciplinarias relativas a la competencia de los dicasterios de la Curia deben ser objeto de ulterior profundizaci\u00f3n.<\/p>\n<p align=\"justify\">A su vez, el cardenal <strong>George Pell<\/strong>, Prefecto de la Secretar\u00eda para la Econom\u00eda, ha informado acerca del estado y de la puesta en marcha de las reformas en \u00e1mbito econ\u00f3mico.<\/p>\n<p align=\"justify\">Los cardenales han recibido documentaci\u00f3n sobre el denominado &#8221;vademecum&#8221; elaborado por el Tribunal de la Rota para la actuaci\u00f3n de la reforma del proceso can\u00f3nico sobre la validez del matrimonio.<\/p>\n<p align=\"justify\">Ciudad del Vaticano, 9 de febrero 2016 (Vis).-<\/p>\n","protected":false},"excerpt":{"rendered":"<p>XIII reuni\u00f3n del Consejo de Cardenales: Importancia de la sinodalidad y de una saludable descentralizaci\u00f3n El director de la Oficina de Prensa de la Santa Sede, Padre Federico Lombardi SI, ha informado esta ma\u00f1ana sobre el desarrollo de la reuni\u00f3n del Consejo de Cardenales con el Santo Padre, comenzada ayer lunes, 8 de febrero y &hellip; <a href=\"https:\/\/www.biblia.work\/sermones\/xiii-reunion-del-consejo-de-cardenales\/\" class=\"more-link\">Continuar leyendo<span class=\"screen-reader-text\"> \u00abXIII reuni\u00f3n del Consejo de Cardenales\u00bb<\/span><\/a><\/p>\n","protected":false},"author":1,"featured_media":0,"comment_status":"open","ping_status":"closed","sticky":false,"template":"","format":"standard","meta":{"footnotes":""},"categories":[1],"tags":[],"class_list":["post-36813","post","type-post","status-publish","format-standard","hentry","category-general"],"_links":{"self":[{"href":"https:\/\/www.biblia.work\/sermones\/wp-json\/wp\/v2\/posts\/36813","targetHints":{"allow":["GET"]}}],"collection":[{"href":"https:\/\/www.biblia.work\/sermones\/wp-json\/wp\/v2\/posts"}],"about":[{"href":"https:\/\/www.biblia.work\/sermones\/wp-json\/wp\/v2\/types\/post"}],"author":[{"embeddable":true,"href":"https:\/\/www.biblia.work\/sermones\/wp-json\/wp\/v2\/users\/1"}],"replies":[{"embeddable":true,"href":"https:\/\/www.biblia.work\/sermones\/wp-json\/wp\/v2\/comments?post=36813"}],"version-history":[{"count":0,"href":"https:\/\/www.biblia.work\/sermones\/wp-json\/wp\/v2\/posts\/36813\/revisions"}],"wp:attachment":[{"href":"https:\/\/www.biblia.work\/sermones\/wp-json\/wp\/v2\/media?parent=36813"}],"wp:term":[{"taxonomy":"category","embeddable":true,"href":"https:\/\/www.biblia.work\/sermones\/wp-json\/wp\/v2\/categories?post=36813"},{"taxonomy":"post_tag","embeddable":true,"href":"https:\/\/www.biblia.work\/sermones\/wp-json\/wp\/v2\/tags?post=36813"}],"curies":[{"name":"wp","href":"https:\/\/api.w.org\/{rel}","templated":true}]}}