{"id":36814,"date":"2016-06-21T10:31:01","date_gmt":"2016-06-21T15:31:01","guid":{"rendered":"http:\/\/www.biblia.work\/sermones\/inicia-la-decimotercera-reunion-del-papa-con-el-c9\/"},"modified":"2016-06-21T10:31:01","modified_gmt":"2016-06-21T15:31:01","slug":"inicia-la-decimotercera-reunion-del-papa-con-el-c9","status":"publish","type":"post","link":"https:\/\/www.biblia.work\/sermones\/inicia-la-decimotercera-reunion-del-papa-con-el-c9\/","title":{"rendered":"Inicia la decimotercera reuni\u00f3n del Papa con el C9"},"content":{"rendered":"<p align=\"justify\"><strong>Inicia la decimotercera reuni\u00f3n del Papa con el C9<\/strong><\/p>\n<p align=\"justify\">Concluye ma\u00f1ana martes y reci\u00e9n entonces se sabr\u00e1 la tem\u00e1tica abordada<\/p>\n<p align=\"justify\">La decimotercera reuni\u00f3n del santo padre Francisco con el Consejo de los 9 cardenales (C-9) ha iniciado este lunes por la ma\u00f1ana en el Vaticano y concluye ma\u00f1ana martes, tal y como estaba programado.<\/p>\n<p align=\"justify\">El conocido como C9 fue creado por el papa Francisco el 13 de abril de 2013 e institucionalizado el 30 de septiembre de ese a\u00f1o. Los cardenales provienen de los cinco continentes y dan consejos y opiniones, pero es el Santo Padre quien decide las medidas que deber\u00e1n ser tomadas.<\/p>\n<p align=\"justify\">Como es habitual durante los encuentros del Consejo de cardenales, al finalizar la reuni\u00f3n la Oficina de Prensa informar\u00e1 sobre los contenidos abordados. En la \u00faltima reuni\u00f3n del C9, que tuvo lugar en diciembre pasado, se delinearon algunas particularidades sobre los dos nuevos dicasterios que ya fueron anunciados, uno sobre caridad, justicia y paz y otro sobre laicos, familia y vida<\/p>\n<p align=\"justify\">El Consejo est\u00e1 integrado por los cardenales \u00d3scar Rodr\u00edguez Maradiaga (coordinador), Pietro Parolin (secretario de Estado), Giuseppe Bertello, Francisco Javier Err\u00e1zuriz Ossa, Se\u00e1n Patrick O\u2019Malley, Reinhard Marx, Laurent Monsengwo Pasinya, Oswald Gracias y George Pell.<\/p>\n<p align=\"justify\">Sergio Mora\/ZENIT<\/p>\n","protected":false},"excerpt":{"rendered":"<p>Inicia la decimotercera reuni\u00f3n del Papa con el C9 Concluye ma\u00f1ana martes y reci\u00e9n entonces se sabr\u00e1 la tem\u00e1tica abordada La decimotercera reuni\u00f3n del santo padre Francisco con el Consejo de los 9 cardenales (C-9) ha iniciado este lunes por la ma\u00f1ana en el Vaticano y concluye ma\u00f1ana martes, tal y como estaba programado. El &hellip; <a href=\"https:\/\/www.biblia.work\/sermones\/inicia-la-decimotercera-reunion-del-papa-con-el-c9\/\" class=\"more-link\">Continuar leyendo<span class=\"screen-reader-text\"> \u00abInicia la decimotercera reuni\u00f3n del Papa con el C9\u00bb<\/span><\/a><\/p>\n","protected":false},"author":1,"featured_media":0,"comment_status":"open","ping_status":"closed","sticky":false,"template":"","format":"standard","meta":{"footnotes":""},"categories":[1],"tags":[],"class_list":["post-36814","post","type-post","status-publish","format-standard","hentry","category-general"],"_links":{"self":[{"href":"https:\/\/www.biblia.work\/sermones\/wp-json\/wp\/v2\/posts\/36814","targetHints":{"allow":["GET"]}}],"collection":[{"href":"https:\/\/www.biblia.work\/sermones\/wp-json\/wp\/v2\/posts"}],"about":[{"href":"https:\/\/www.biblia.work\/sermones\/wp-json\/wp\/v2\/types\/post"}],"author":[{"embeddable":true,"href":"https:\/\/www.biblia.work\/sermones\/wp-json\/wp\/v2\/users\/1"}],"replies":[{"embeddable":true,"href":"https:\/\/www.biblia.work\/sermones\/wp-json\/wp\/v2\/comments?post=36814"}],"version-history":[{"count":0,"href":"https:\/\/www.biblia.work\/sermones\/wp-json\/wp\/v2\/posts\/36814\/revisions"}],"wp:attachment":[{"href":"https:\/\/www.biblia.work\/sermones\/wp-json\/wp\/v2\/media?parent=36814"}],"wp:term":[{"taxonomy":"category","embeddable":true,"href":"https:\/\/www.biblia.work\/sermones\/wp-json\/wp\/v2\/categories?post=36814"},{"taxonomy":"post_tag","embeddable":true,"href":"https:\/\/www.biblia.work\/sermones\/wp-json\/wp\/v2\/tags?post=36814"}],"curies":[{"name":"wp","href":"https:\/\/api.w.org\/{rel}","templated":true}]}}