{"id":36815,"date":"2016-06-21T10:31:05","date_gmt":"2016-06-21T15:31:05","guid":{"rendered":"http:\/\/www.biblia.work\/sermones\/comunicado-de-prensa-de-la-pontificia-comision-para-la-proteccion-de-los-menores\/"},"modified":"2016-06-21T10:31:05","modified_gmt":"2016-06-21T15:31:05","slug":"comunicado-de-prensa-de-la-pontificia-comision-para-la-proteccion-de-los-menores","status":"publish","type":"post","link":"https:\/\/www.biblia.work\/sermones\/comunicado-de-prensa-de-la-pontificia-comision-para-la-proteccion-de-los-menores\/","title":{"rendered":"Comunicado de prensa de la Pontificia Comisi\u00f3n para la Protecci\u00f3n de los Menores"},"content":{"rendered":"<p style=\"text-align: justify;\"><strong>Comunicado de prensa de la Pontificia Comisi\u00f3n para la Protecci\u00f3n de los Menores<\/strong><\/p>\n<p style=\"text-align: justify;\">\u00a0La Pontificia Comisi\u00f3n para la Protecci\u00f3n de Menores se ha reunido durante siete d\u00edas en Roma. Los encuentros de los seis grupos de trabajo se han centrado en la actualizaci\u00f3n de los proyectos en curso y la elaboraci\u00f3n de propuestas. Los colaboradores externos que han asistido a los grupos de trabajo incluyen el &#8220;Catholic Fund for Overseas Development&#8221; (CAFOD) y un experto en Derecho Can\u00f3nico Penal. Se han presentado a la Asamblea Plenaria proyectos de propuestas para su posterior discusi\u00f3n y decisiones sobre las pol\u00edticas que se presentar\u00e1n al Santo Padre. Las directrices se proponen reconocer las diversas informaciones y orientaciones actualmente a disposici\u00f3n de la Iglesia en el mundo.<\/p>\n<p style=\"text-align: justify;\">Enre las propuestas que se someter\u00e1n al Santo Padre est\u00e1n: la petici\u00f3n de recordar a todas las autoridades de la Iglesia la importancia de una respuesta directa a las v\u00edctimas y los supervivientes que se les acercan; el establecimiento de un D\u00eda Mundial de Oraci\u00f3n y una liturgia penitencial.<\/p>\n<p style=\"text-align: justify;\">Durante el a\u00f1o se han programado varios seminarios sobre los aspectos jur\u00eddicos ligados a la protecci\u00f3n de los menores con la participaci\u00f3n de colaboradores externos con el fin de establecer una mayor transparencia en los procesos can\u00f3nicos. En la pr\u00f3xima Asamblea Plenaria se presentar\u00e1 un informe y algunas recomendaciones y tambi\u00e9n se pondr\u00e1 en marcha un sitio web para compartir las Buenas Reglas para la protecci\u00f3n de los menores en el mundo.<\/p>\n<p style=\"text-align: justify;\">Con el fin de realizar la misi\u00f3n del Quir\u00f3grafo del Santo Padre para la instituci\u00f3n de una comisi\u00f3n que promueva la responsabilidad local, los miembros de la Comisi\u00f3n est\u00e1n en contacto con varias conferencias episcopales, y han presentado el tema de la protecci\u00f3n de los menores a las Conferencias de Religiosos y a las congregaciones.<\/p>\n<p style=\"text-align: justify;\">Durante el a\u00f1o pasado los miembros de la Comisi\u00f3n se reunieron con los obispos y las autoridades encargadas de la protecci\u00f3n de los menores en Filipinas, Austria, islas del Pac\u00edfico, Nueva Zelanda, Escocia, Polonia, Am\u00e9rica Central (Costa Rica), United States National Safe Environment and Vicitms Assistance Coordinators (SECs) y los Coordinadores de ayuda a las v\u00edctimas (VACS). Tras los seminarios llevados a cabo por miembros de la Comisi\u00f3n en agosto pasado en Filipinas, la Conferencia de Obispos Cat\u00f3licos de Filipinas ha creado una oficina para la protecci\u00f3n de los menores y emitido una exhortaci\u00f3n pastoral sobre la atenci\u00f3n pastoral y la protecci\u00f3n de los menores.<\/p>\n<p style=\"text-align: justify;\">En marzo, hay en programa una reuni\u00f3n en Ghana con los Secretarios Generales del Simposio de las Conferencias Episcopales de \u00c1frica y Madagascar (SECAM), y una segunda reuni\u00f3n con los doctores de la Asociaci\u00f3n de Miembros de las Conferencias Episcopales de \u00c1frica Oriental (AMECEA) en Tanzania que se ocupan de la protecci\u00f3n de los menores. Los miembros de la Comisi\u00f3n tambi\u00e9n participan en la Conferencia de habla inglesa de Protecci\u00f3n en curso en Roma y en United States National Safe Environment and Vicitms Assistance Coordinators 2016. En 2017, la Federaci\u00f3n de las Conferencias Episcopales de Asia (FABC) ha solicitado un seminario con los miembros de la Comisi\u00f3n.<\/p>\n<p style=\"text-align: justify;\">La Comisi\u00f3n ha acogido favorablemente el reciente anuncio de que dentro de una semana, en la Pontificia Universidad Gregoriana, iniciar\u00e1 el primer curso de estudios para obtener un diploma de Protecci\u00f3n de Menores, con 19 participantes de cuatro continentes: \u00c1frica, Europa, Am\u00e9rica y Asia.<\/p>\n<p style=\"text-align: justify;\">La reuni\u00f3n de la Comisi\u00f3n en septiembre de 2016 tendr\u00e1 el objetivo estrat\u00e9gico de la protecci\u00f3n de los ni\u00f1os en las escuelas cat\u00f3licas, lo que requiere las aportaciones de expertos de Am\u00e9rica Latina, Inglaterra y Gales.<\/p>\n<p style=\"text-align: justify;\">La Pontificia Comisi\u00f3n para la Protecci\u00f3n de Menores fue instituida por el Papa Francisco en 2014. El Quir\u00f3grafo de Su Santidad establece que &#8221;la tarea espec\u00edfica de la Comisi\u00f3n ser\u00e1 proponerme las iniciativas m\u00e1s adecuadas para la protecci\u00f3n de los ni\u00f1os y adultos vulnerables, a fin de realizar todo lo que es posible para garantizar que delitos como los cometidos no se repetir\u00e1n m\u00e1s en la Iglesia. La Comisi\u00f3n promover\u00e1, junto con la Congregaci\u00f3n para la Doctrina de la Fe, la responsabilidad de las Iglesias particulares para la protecci\u00f3n de todos los ni\u00f1os y adultos vulnerables &#8220;.<\/p>\n<p style=\"text-align: justify;\">Ciudad del Vaticano, 8 de febrero 2016 (Vis).-<\/p>\n","protected":false},"excerpt":{"rendered":"<p>Comunicado de prensa de la Pontificia Comisi\u00f3n para la Protecci\u00f3n de los Menores \u00a0La Pontificia Comisi\u00f3n para la Protecci\u00f3n de Menores se ha reunido durante siete d\u00edas en Roma. Los encuentros de los seis grupos de trabajo se han centrado en la actualizaci\u00f3n de los proyectos en curso y la elaboraci\u00f3n de propuestas. Los colaboradores &hellip; <a href=\"https:\/\/www.biblia.work\/sermones\/comunicado-de-prensa-de-la-pontificia-comision-para-la-proteccion-de-los-menores\/\" class=\"more-link\">Continuar leyendo<span class=\"screen-reader-text\"> \u00abComunicado de prensa de la Pontificia Comisi\u00f3n para la Protecci\u00f3n de los Menores\u00bb<\/span><\/a><\/p>\n","protected":false},"author":1,"featured_media":0,"comment_status":"open","ping_status":"closed","sticky":false,"template":"","format":"standard","meta":{"footnotes":""},"categories":[1],"tags":[],"class_list":["post-36815","post","type-post","status-publish","format-standard","hentry","category-general"],"_links":{"self":[{"href":"https:\/\/www.biblia.work\/sermones\/wp-json\/wp\/v2\/posts\/36815","targetHints":{"allow":["GET"]}}],"collection":[{"href":"https:\/\/www.biblia.work\/sermones\/wp-json\/wp\/v2\/posts"}],"about":[{"href":"https:\/\/www.biblia.work\/sermones\/wp-json\/wp\/v2\/types\/post"}],"author":[{"embeddable":true,"href":"https:\/\/www.biblia.work\/sermones\/wp-json\/wp\/v2\/users\/1"}],"replies":[{"embeddable":true,"href":"https:\/\/www.biblia.work\/sermones\/wp-json\/wp\/v2\/comments?post=36815"}],"version-history":[{"count":0,"href":"https:\/\/www.biblia.work\/sermones\/wp-json\/wp\/v2\/posts\/36815\/revisions"}],"wp:attachment":[{"href":"https:\/\/www.biblia.work\/sermones\/wp-json\/wp\/v2\/media?parent=36815"}],"wp:term":[{"taxonomy":"category","embeddable":true,"href":"https:\/\/www.biblia.work\/sermones\/wp-json\/wp\/v2\/categories?post=36815"},{"taxonomy":"post_tag","embeddable":true,"href":"https:\/\/www.biblia.work\/sermones\/wp-json\/wp\/v2\/tags?post=36815"}],"curies":[{"name":"wp","href":"https:\/\/api.w.org\/{rel}","templated":true}]}}