{"id":36817,"date":"2016-06-21T10:31:19","date_gmt":"2016-06-21T15:31:19","guid":{"rendered":"http:\/\/www.biblia.work\/sermones\/ante-el-historico-encuentro-francisco-kirill-la-habana-12-de-febrero-de-2016-informaciones-y-valoraciones\/"},"modified":"2016-06-21T10:31:19","modified_gmt":"2016-06-21T15:31:19","slug":"ante-el-historico-encuentro-francisco-kirill-la-habana-12-de-febrero-de-2016-informaciones-y-valoraciones","status":"publish","type":"post","link":"https:\/\/www.biblia.work\/sermones\/ante-el-historico-encuentro-francisco-kirill-la-habana-12-de-febrero-de-2016-informaciones-y-valoraciones\/","title":{"rendered":"Ante el hist\u00f3rico encuentro Francisco-Kirill, La Habana 12 de febrero de 2016 :  informaciones y valoraciones"},"content":{"rendered":"<p align=\"justify\"><em><strong>Ante el hist\u00f3rico encuentro Francisco-Kirill, La Habana 12 de febrero de 2016 :\u00a0 informaciones y valoraciones<\/strong><\/em><\/p>\n<p align=\"justify\"><strong>Comunicado de prensa conjunto de la Santa Sede y del Patriarcado de Mosc\u00fa<\/strong><\/p>\n<p align=\"justify\">\n<p align=\"justify\">\u201cLa Santa Sede y el Patriarcado de Mosc\u00fa tienen el placer de anunciar que, por gracia de Dios, Su Santidad el Papa Francisco y Su Santidad el Patriarca Kirill de Mosc\u00fa y toda Rusia, se encontrar\u00e1n el pr\u00f3ximo 12 de febrero. El encuentro se realizar\u00e1 en Cuba, donde el Papa har\u00e1 escala antes de su viaje a M\u00e9xico, y donde el Patriarca estar\u00e1 en visita oficial. Comprender\u00e1 un coloquio personal en el aeropuerto internacional Jos\u00e9 Mart\u00ed de la Habana y concluir\u00e1 con la firma de una declaraci\u00f3n com\u00fan.<\/p>\n<p align=\"justify\">Este encuentro de los primados de la Iglesia Cat\u00f3lica y de la Iglesia Ortodoxa Rusa, preparado desde hace tiempo, ser\u00e1 el primero en la historia y marcar\u00e1 una etapa importante en las relaciones entre las dos iglesias. La Santa Sede y el Patriarcado de Mosc\u00fa desean que sea una se\u00f1al de esperanza para todos los hombres de buena voluntad. Invitando a todos los cristianos a rezar con fervor para que Dios bendiga este encuentro, que de buenos frutos\u201d.<\/p>\n<p align=\"justify\"><strong>Fuente: Santa Sede y Patriarcado de Mosc\u00fa<\/strong><\/p>\n<p align=\"justify\">&nbsp;<\/p>\n<p align=\"justify\">Un muro de\u00a0<strong>medio milenio de enemistad\u00a0<\/strong>se rompi\u00f3 inesperadamente el viernes a mediod\u00eda cuando el Vaticano y el Patriarcado de Mosc\u00fa anunciaron, con un comunicado conjunto y conferencias de prensa simult\u00e1neas, el primer encuentro de la historia entre un Papa y un Patriarca de la Iglesia Ortodoxa Rusa el pr\u00f3ximo viernes 12 de febrero en Cuba.<\/p>\n<p align=\"justify\">Su relevancia hist\u00f3rica es similar al abrazo de\u00a0<strong>Pablo VI con el Patriarca Ecum\u00e9nico de Constantinopla, Aten\u00e1goras<\/strong>, en 1964 en Jerusal\u00e9n: el primer contacto personal desde el cisma de 1054.<\/p>\n<p align=\"justify\">Pero las consecuencias pr\u00e1cticas pueden ser mucho mayores, pues el Patriarca Ecum\u00e9nico, \u00abprimus inter pares\u00bb de las catorce Iglesias Ortodoxas, preside una comunidad min\u00fascula, mientras que el Patriarcado de Mosc\u00fa re\u00fane dos tercios de los ortodoxos y es la segunda Iglesia cristiana despu\u00e9s de la cat\u00f3lica, que siempre ha tratado con hostilidad.<\/p>\n<p align=\"justify\">El gran sue\u00f1o de<strong>\u00a0Juan Pablo II y Benedicto XVI\u00a0<\/strong>se ha hecho posible gracias a la diplomacia personal de Francisco y como respuesta a una situaci\u00f3n de emergencia sin precedentes: las llamaradas del Daesh en media docena de pa\u00edses y la persecuci\u00f3n de los cristianos en Oriente Medio.<\/p>\n<p align=\"justify\">El Vaticano y el Patriarcado de Mosc\u00fa, anunciaron que el pr\u00f3ximo viernes 12 de febrero, durante su vuelo hacia M\u00e9xico, el Papa Francisco har\u00e1 una escala en el aeropuerto de La Habana para reunirse con el\u00a0<strong>Patriarca Kiril.<\/strong><\/p>\n<p align=\"justify\">Seg\u00fan el comunicado conjunto, se trata de \u00abun encuentro preparado desde hace largo tiempo, que ser\u00e1 el primero de la historia, marcar\u00e1 una etapa importante en las relaciones entre las dos Iglesias\u00bb, y ser\u00e1 \u00abun signo de esperanza para todos los hombres de buena voluntad\u00bb.<\/p>\n<p align=\"justify\">Federico Lombardi coment\u00f3 que el\u00a0Papa Francisco \u00abdeseaba este encuentro desde hace un par de a\u00f1os\u00bb, y llevaba prepar\u00e1ndolo desde entonces.<\/p>\n<p align=\"justify\">El 30 de noviembre del 2014, durante el vuelo Estambul-Roma despu\u00e9s de su visita a Turqu\u00eda -donde hab\u00eda intercambiado grandes gestos de afecto con el Patriarca Ecum\u00e9nico de Constantinopla-,\u00a0<strong>Francisco<\/strong>\u00a0manifest\u00f3 a los periodistas su gran inter\u00e9s por un encuentro con Kiril: \u00abLe he hecho saber \u2013y \u00e9l tambi\u00e9n est\u00e1 de acuerdo- la voluntad de que nos reunamos. Le he dicho: yo voy a donde t\u00fa quieras;\u00a0<strong>t\u00fa me llamas, y yo voy<\/strong>. Y \u00e9l tiene la misma intenci\u00f3n. Los dos queremos reunirnos, y queremos caminar hacia delante\u00bb.<\/p>\n<p align=\"justify\">Breves discursos en espa\u00f1ol y ruso<\/p>\n<p align=\"justify\">Francisco aterrizar\u00e1 en el aeropuerto de La Habana a las 2 de la tarde del viernes y ser\u00e1 recibido por el presidente\u00a0<strong>Ra\u00fal Castro<\/strong>, quien ha puesto su pa\u00eds a disposici\u00f3n de ambos para este encuentro.<\/p>\n<p align=\"justify\">El Papa y el Patriarca de Mosc\u00fa se reunir\u00e1n en privado \u2013acompa\u00f1ados tan s\u00f3lo de dos int\u00e9rpretes- durante dos horas en la sala de personalidades del aeropuerto<strong>\u00a0Jos\u00e9 Mart\u00ed<\/strong>. A continuaci\u00f3n, firmaran una declaraci\u00f3n conjunta y pronunciar\u00e1n breves discursos, en espa\u00f1ol y en ruso, \u00abcomo expresi\u00f3n espontanea de sus sentimientos personales en esta bell\u00edsima ocasi\u00f3n\u00bb.<\/p>\n<p align=\"justify\">Acto seguido, Ra\u00fal Castro acompa\u00f1ar\u00e1 al Papa hasta el avi\u00f3n para despedirle antes de su vuelo a Ciudad de M\u00e9xico, donde iniciar\u00e1 una intensa visita de cinco d\u00edas, con desplazamientos a las cuatro esquinas del pa\u00eds.<\/p>\n<p align=\"justify\">En los a\u00f1os 1996 y 1997,\u00a0<strong>Juan Pablo II\u00a0<\/strong>se volc\u00f3 en conseguir un encuentro con el entonces Patriarca de Mosc\u00fa,\u00a0<strong>Alexey II, en Austria<\/strong>, pero no lo consigui\u00f3. Sigui\u00f3 intent\u00e1ndolo despu\u00e9s, pero sin \u00e9xito, igual que\u00a0<strong>Benedicto XVI.<\/strong><\/p>\n<p align=\"justify\">En Mosc\u00fa,\u00a0<strong>el metropolita Hilari\u00f3n de Volokolamsk<\/strong>, hizo notar que el gran punto de discordia sigue siendo la actividad de la Iglesia Greco Cat\u00f3lica de Ucrania, pero a\u00f1adi\u00f3 que \u00abla situaci\u00f3n actual en Medio Oriente, \u00c1frica del Norte, \u00c1frica Central y otras regiones en que los extremistas est\u00e1n llevando a cabo un verdadero genocidio de cristianos requiere medidas urgentes de cooperaci\u00f3n entre las Iglesias\u00bb.<\/p>\n<p align=\"justify\">Ser\u00e1 el tema central del encuentro, que<strong>\u00a0abre la puerta a un \u00abdeshielo\u00bb general<\/strong>, sobre todo cuando las Iglesias ortodoxas est\u00e1n a punto de celebrar el pr\u00f3ximo mes de junio en Creta su primer concilio en casi un milenio. Y cuando Rusia quiere sustituir a Francia como protectora de los cristianos en Oriente Medio, y normalizar sus relaciones con Europa.<\/p>\n<p align=\"justify\">&nbsp;<\/p>\n<p align=\"justify\">Fuente: http:\/\/www.abc.es\/<\/p>\n<p align=\"justify\"><strong>OTRAS INFORMACIONES SOBRE EL MISMO TEMA<\/strong><\/p>\n<p align=\"justify\"><strong>\u00a0<\/strong><\/p>\n<p align=\"justify\"><b>Alegr\u00eda de los obispos cubanos<\/b><\/p>\n<p align=\"justify\">La Conferencia de Obispos Cat\u00f3licos de Cuba afirm\u00f3 hoy que el encuentro entre el papa y el Patriarca ruso Kiril la pr\u00f3xima semana en La Habana, tiene una &#8220;gran trascendencia hist\u00f3rica&#8221; y <b>es parte de los esfuerzos de Francisco por promover una &#8220;cultura del encuentro, el di\u00e1logo y la reconciliaci\u00f3n&#8221;<\/b>.<\/p>\n<p align=\"justify\">&#8220;M\u00e1s all\u00e1 de la trascendencia hist\u00f3rica, despu\u00e9s de siglos de distanciamiento, ser\u00e1 un encuentro que va a significar mucho desde el punto de vista del di\u00e1logo entre religiones&#8221;, afirm\u00f3 en declaraciones a Efe el portavoz de la Conferencia de Obispos Cat\u00f3licos de Cuba, <b>Jos\u00e9 F\u00e9lix P\u00e9rez<\/b>.<\/p>\n<p align=\"justify\">El portavoz record\u00f3 que, desde el inicio de su pontificado, Francisco expres\u00f3 su disposici\u00f3n a encontrarse <b>&#8220;donde hiciera falta&#8221;<\/b> con el patriarca Kiril, l\u00edder de la Iglesia Ortodoxa rusa, reuni\u00f3n que finalmente tendr\u00e1 lugar la pr\u00f3xima semana en Cuba, pa\u00eds que el papa visit\u00f3 el pasado septiembre.<\/p>\n<p align=\"justify\">Aunque a\u00fan no est\u00e1 confirmado, P\u00e9rez no descart\u00f3 que el patriarca Kiril mantenga tambi\u00e9n encuentros con miembros de la <b>jerarqu\u00eda cat\u00f3lica de la isla<\/b>, durante los cuatro d\u00edas que permanecer\u00e1 en Cuba, primera parada de una gira por Latinoam\u00e9rica.<\/p>\n<p align=\"justify\">El papa har\u00e1 una escala en <b>La Habana<\/b> antes de su viaje oficial a M\u00e9xico para reunirse durante un par de horas con Kiril en el aeropuerto, donde les recibir\u00e1 el presidente Ra\u00fal Castro y firmar\u00e1n una declaraci\u00f3n conjunta.<\/p>\n<p align=\"justify\">Seg\u00fan el portavoz de los obispos, <b>el papa sigue sumando \u00e9xitos en su intenci\u00f3n de &#8220;romper barreras&#8221; y acercar pueblos<\/b>, como ya hizo entre EE.UU. y Cuba, dos naciones que restablecieron sus relaciones diplom\u00e1ticas hace un a\u00f1o tras d\u00e9cadas de enemistad, un proceso que cont\u00f3 con la mediaci\u00f3n del Vaticano y de Francisco, personalmente.<\/p>\n<p align=\"justify\">Para P\u00e9rez, ese encuentro entre los l\u00edderes de la Iglesia cat\u00f3lica y ortodoxa, separadas por un cisma en 1054, puede ser un primer paso para fomentar un mayor di\u00e1logo y acercamiento entre religiones.<\/p>\n<p align=\"justify\">En este sentido, record\u00f3 que Francisco viajar\u00e1 el pr\u00f3ximo octubre a <b>Suecia<\/b> para participar en una ceremonia conjunta entre la Iglesia cat\u00f3lica y la Federaci\u00f3n Luterana Mundial, para conmemorar el 500 aniversario de la Reforma.<\/p>\n<p align=\"justify\"><strong>La reuni\u00f3n durar\u00e1 dos horas, seg\u00fan avanz\u00f3 a los periodistas el portavoz de la Santa Sede, Federico Lombardi.<\/strong><\/p>\n<p align=\"justify\">&nbsp;<\/p>\n<p align=\"justify\">Seg\u00fan Lombardi, en el encuentro estar\u00e1n presentes tambi\u00e9n el presidente del Pontificio Consejo para la Promoci\u00f3n de la Unidad de los Cristianos, el cardenal Kurt Koch, y el presidente del Departamento de los V\u00ednculos Eclesi\u00e1sticos Exteriores de la Iglesia Ortodoxa Rusa, el metropolita de Volokolamsk, Hilari\u00f3n Alf\u00e9yev.<\/p>\n<p align=\"justify\">Durante la ceremonia de intercambio de obsequios, al lado del patriarca y el pont\u00edfice estar\u00e1 el expresidente cubano Fidel Castro.<\/p>\n<p align=\"justify\">&#8220;El papa Francisco y el patriarca Kirill se reunir\u00e1n como resultado de varios a\u00f1os de preparaci\u00f3n de este encuentro&#8221;, dijo Lombardi, agregando que &#8220;Cuba es un lugar neutral y al mismo tiempo significativo para ambas partes&#8221;.<\/p>\n<p align=\"justify\"><strong>EL Ministerio de Asuntos Exterior de Cuba<\/strong>\u00a0ha declarado que el pa\u00eds se siente &#8220;honrado&#8221; por haber sido elegido como escenario para el encuentro el pr\u00f3ximo 12 de febrero entre el Papa Francisco y el Patriarca Kirill de Mosc\u00fa y toda Rusia, m\u00e1ximo representante de la Iglesia Ortodoxa Rusa, y ha asegurado que brindar\u00e1 todas las facilidades para que se lleve a cabo la reuni\u00f3n.<\/p>\n<p align=\"justify\">&#8220;<strong>Cuba se siente honrada<\/strong>\u00a0de acoger la reuni\u00f3n de los primados de la Iglesia Cat\u00f3lica y de la Iglesia Ortodoxa Rusa y brindar\u00e1 todas las facilidades para la realizaci\u00f3n de este hist\u00f3rico encuentro&#8221;, ha informado la canciller\u00eda de Cuba en un comunicado ante el anuncio del encuentro.<\/p>\n<p align=\"justify\"><strong>\u00a0<\/strong><\/p>\n","protected":false},"excerpt":{"rendered":"<p>Ante el hist\u00f3rico encuentro Francisco-Kirill, La Habana 12 de febrero de 2016 :\u00a0 informaciones y valoraciones Comunicado de prensa conjunto de la Santa Sede y del Patriarcado de Mosc\u00fa \u201cLa Santa Sede y el Patriarcado de Mosc\u00fa tienen el placer de anunciar que, por gracia de Dios, Su Santidad el Papa Francisco y Su Santidad &hellip; <a href=\"https:\/\/www.biblia.work\/sermones\/ante-el-historico-encuentro-francisco-kirill-la-habana-12-de-febrero-de-2016-informaciones-y-valoraciones\/\" class=\"more-link\">Continuar leyendo<span class=\"screen-reader-text\"> \u00abAnte el hist\u00f3rico encuentro Francisco-Kirill, La Habana 12 de febrero de 2016 :  informaciones y valoraciones\u00bb<\/span><\/a><\/p>\n","protected":false},"author":1,"featured_media":0,"comment_status":"open","ping_status":"closed","sticky":false,"template":"","format":"standard","meta":{"footnotes":""},"categories":[1],"tags":[],"class_list":["post-36817","post","type-post","status-publish","format-standard","hentry","category-general"],"_links":{"self":[{"href":"https:\/\/www.biblia.work\/sermones\/wp-json\/wp\/v2\/posts\/36817","targetHints":{"allow":["GET"]}}],"collection":[{"href":"https:\/\/www.biblia.work\/sermones\/wp-json\/wp\/v2\/posts"}],"about":[{"href":"https:\/\/www.biblia.work\/sermones\/wp-json\/wp\/v2\/types\/post"}],"author":[{"embeddable":true,"href":"https:\/\/www.biblia.work\/sermones\/wp-json\/wp\/v2\/users\/1"}],"replies":[{"embeddable":true,"href":"https:\/\/www.biblia.work\/sermones\/wp-json\/wp\/v2\/comments?post=36817"}],"version-history":[{"count":0,"href":"https:\/\/www.biblia.work\/sermones\/wp-json\/wp\/v2\/posts\/36817\/revisions"}],"wp:attachment":[{"href":"https:\/\/www.biblia.work\/sermones\/wp-json\/wp\/v2\/media?parent=36817"}],"wp:term":[{"taxonomy":"category","embeddable":true,"href":"https:\/\/www.biblia.work\/sermones\/wp-json\/wp\/v2\/categories?post=36817"},{"taxonomy":"post_tag","embeddable":true,"href":"https:\/\/www.biblia.work\/sermones\/wp-json\/wp\/v2\/tags?post=36817"}],"curies":[{"name":"wp","href":"https:\/\/api.w.org\/{rel}","templated":true}]}}