{"id":36818,"date":"2016-06-21T10:31:23","date_gmt":"2016-06-21T15:31:23","guid":{"rendered":"http:\/\/www.biblia.work\/sermones\/el-pesebre-de-la-plaza-de-san-pedro-llevara-a-belen-un-mensaje-de-paz\/"},"modified":"2016-06-21T10:31:23","modified_gmt":"2016-06-21T15:31:23","slug":"el-pesebre-de-la-plaza-de-san-pedro-llevara-a-belen-un-mensaje-de-paz","status":"publish","type":"post","link":"https:\/\/www.biblia.work\/sermones\/el-pesebre-de-la-plaza-de-san-pedro-llevara-a-belen-un-mensaje-de-paz\/","title":{"rendered":"El pesebre de la Plaza de San Pedro llevar\u00e1 a Bel\u00e9n un mensaje de paz"},"content":{"rendered":"<p style=\"text-align: justify;\"><strong>El pesebre de la Plaza de San Pedro llevar\u00e1 a Bel\u00e9n un mensaje de paz<\/strong><\/p>\n<p style=\"text-align: justify;\">\u00a0El Papa le agradeci\u00f3 a la Regi\u00f3n de Trento que lo construy\u00f3. Fue desarmado el mi\u00e9rcoles 3 de febrero por la tarde<\/p>\n<p style=\"text-align: justify;\">El pesebre de la plaza de San Pedro ha sido desarmado ayer mi\u00e9rcoles por la tarde. Compuesto por 24 figuras de tama\u00f1o natural, de madera esculpida y pintada, reproduc\u00eda las construcciones t\u00edpicas rurales de la zona italiana alpina del Trentino y fue montado a finales de noviembre. Ahora ser\u00e1 enviado a Bel\u00e9n para que lleve un mensaje de paz y de esperanza.<\/p>\n<p style=\"text-align: justify;\">\u00a0Las im\u00e1genes fueron cargadas por operarios del Vaticano en un par de remolques tirados por un peque\u00f1o tractor, que las llev\u00f3 para ser embaladas y en fecha a\u00fan no definida enviadas a Tierra Santa.<\/p>\n<p style=\"text-align: justify;\">El papa Francisco en la audiencia general de este mi\u00e9rcoles salud\u00f3 a los fieles de la ciudad de Trento que estaban all\u00ed presentes, acompa\u00f1ados por su obispo Luigi Bressan y por las autoridades de la provincia aut\u00f3noma.<\/p>\n<p style=\"text-align: justify;\">\u201cSaludo a los fieles de la arquidi\u00f3cesis de Trento\u201d dijo el Papa y \u201crenuevo el reconocimiento por el pesebre que han construido y que tantos peregrinos pudieron admirar en las semanas pasadas en la Plaza de San Pedro, y que hoy ser\u00e1 el \u00faltimo d\u00eda se su exposici\u00f3n\u201d.<\/p>\n<p style=\"text-align: justify;\">Desde Roma ahora ser\u00e1 llevado a Bel\u00e9n para llevar un mensaje de paz y de esperanza, indic\u00f3 el obispo Bressan en declaraciones a Radio Vaticano. Y a\u00f1adi\u00f3 que \u201cfue un honor para nosotros, porque el papa Francisco lo pudo ver y tantos millones de personas lo han podido admirar\u201d.<\/p>\n<p style=\"text-align: justify;\">\u201cAhora sentimos \u2013reconoci\u00f3 el obispo\u2013 un poco de nostalgia al ver concluida esta exposici\u00f3n, pero al mismo tiempo es una gran alegr\u00eda saber que nuestro pesebre ir\u00e1 a Tierra Santa para ser testimonio de aquella fraternidad que Jes\u00fas nos ha tra\u00eddo y de la cual queremos ser constructores\u201d.<\/p>\n<p style=\"text-align: justify;\">Sergio Mora\/ZENIT<\/p>\n<p style=\"text-align: justify;\">Foto: El pesebre en la Plaza de San Pedro (ZENIT &#8211; HSM)<\/p>\n","protected":false},"excerpt":{"rendered":"<p>El pesebre de la Plaza de San Pedro llevar\u00e1 a Bel\u00e9n un mensaje de paz \u00a0El Papa le agradeci\u00f3 a la Regi\u00f3n de Trento que lo construy\u00f3. Fue desarmado el mi\u00e9rcoles 3 de febrero por la tarde El pesebre de la plaza de San Pedro ha sido desarmado ayer mi\u00e9rcoles por la tarde. Compuesto por &hellip; <a href=\"https:\/\/www.biblia.work\/sermones\/el-pesebre-de-la-plaza-de-san-pedro-llevara-a-belen-un-mensaje-de-paz\/\" class=\"more-link\">Continuar leyendo<span class=\"screen-reader-text\"> \u00abEl pesebre de la Plaza de San Pedro llevar\u00e1 a Bel\u00e9n un mensaje de paz\u00bb<\/span><\/a><\/p>\n","protected":false},"author":1,"featured_media":0,"comment_status":"open","ping_status":"closed","sticky":false,"template":"","format":"standard","meta":{"footnotes":""},"categories":[1],"tags":[],"class_list":["post-36818","post","type-post","status-publish","format-standard","hentry","category-general"],"_links":{"self":[{"href":"https:\/\/www.biblia.work\/sermones\/wp-json\/wp\/v2\/posts\/36818","targetHints":{"allow":["GET"]}}],"collection":[{"href":"https:\/\/www.biblia.work\/sermones\/wp-json\/wp\/v2\/posts"}],"about":[{"href":"https:\/\/www.biblia.work\/sermones\/wp-json\/wp\/v2\/types\/post"}],"author":[{"embeddable":true,"href":"https:\/\/www.biblia.work\/sermones\/wp-json\/wp\/v2\/users\/1"}],"replies":[{"embeddable":true,"href":"https:\/\/www.biblia.work\/sermones\/wp-json\/wp\/v2\/comments?post=36818"}],"version-history":[{"count":0,"href":"https:\/\/www.biblia.work\/sermones\/wp-json\/wp\/v2\/posts\/36818\/revisions"}],"wp:attachment":[{"href":"https:\/\/www.biblia.work\/sermones\/wp-json\/wp\/v2\/media?parent=36818"}],"wp:term":[{"taxonomy":"category","embeddable":true,"href":"https:\/\/www.biblia.work\/sermones\/wp-json\/wp\/v2\/categories?post=36818"},{"taxonomy":"post_tag","embeddable":true,"href":"https:\/\/www.biblia.work\/sermones\/wp-json\/wp\/v2\/tags?post=36818"}],"curies":[{"name":"wp","href":"https:\/\/api.w.org\/{rel}","templated":true}]}}