{"id":36819,"date":"2016-06-21T10:31:27","date_gmt":"2016-06-21T15:31:27","guid":{"rendered":"http:\/\/www.biblia.work\/sermones\/peregrinacion-de-las-reliquias-de-san-pio-y-san-leopoldo\/"},"modified":"2016-06-21T10:31:27","modified_gmt":"2016-06-21T15:31:27","slug":"peregrinacion-de-las-reliquias-de-san-pio-y-san-leopoldo","status":"publish","type":"post","link":"https:\/\/www.biblia.work\/sermones\/peregrinacion-de-las-reliquias-de-san-pio-y-san-leopoldo\/","title":{"rendered":"Peregrinaci\u00f3n de las reliquias de San P\u00edo y San Leopoldo"},"content":{"rendered":"<p style=\"text-align: justify;\"><strong>Peregrinaci\u00f3n de las reliquias de San P\u00edo y San Leopoldo<\/strong><\/p>\n<p style=\"text-align: justify;\">(RV).- Llegan a la Bas\u00edlica de San Pedro las reliquias de los santos confesores Padre P\u00edo y Leopoldo Mandi\u0107. P\u00edo de Pietralcina, \u00abel fraile revelador y mediador del amor misericordioso del Padre celestial\u00bb y Leopoldo Mandi\u0107, de origen croata, \u00abpionero del ecumenismo\u00bb <\/p>\n<p style=\"text-align: justify;\">\u00abNunca me cansar\u00e9 de insistir en que los confesores sean un verdadero signo de la misericordia del Padre\u00bb, escribe el Papa Francisco en la Bula de convocaci\u00f3n del Jubileo Extraordinario de la Misericordia, titulada Misericordie Vultus, deseando \u00aba cuantos la lean\u00bb \u00abgracia, misericordia y paz\u00bb.<\/p>\n<p style=\"text-align: justify;\">Y siguiendo el deseo del Sucesor de Pedro las reliquias de los dos santos, que gastaron su vida al servicio de la misericordia en el Sacramento de la Reconciliaci\u00f3n, llegaron a Roma para su veneraci\u00f3n y para estar presentes en la Bas\u00edlica Vaticana, desde el 5 de febrero, hasta el 11, es decir, un d\u00eda despu\u00e9s del env\u00edo de los Misioneros de la Misericordia, por parte del Papa Francisco, el Mi\u00e9rcoles de Ceniza.<\/p>\n<p style=\"text-align: justify;\">La peregrinaci\u00f3n de las reliquias de los dos santos capuchinos &#8211; conocidos como grandes ejemplos de la Misericordia vivida \u2013 culmina a las cinco de la tarde, al llegar en procesi\u00f3n por V\u00eda de la Conciliazione, hasta la Bas\u00edlica de San Pedro. Y, despu\u00e9s de ser acogidas por el Card. Angelo Comastri, Arcipreste de la Bas\u00edlica Papal y de un momento de oraci\u00f3n, ser\u00e1n colocadas en la nave central, ante el Altar de la Confesi\u00f3n.<\/p>\n<p style=\"text-align: justify;\">Foto: En Roma, fieles en oraci\u00f3n esperan las reliquias de San P\u00edo y de San Leopoldo &#8211; ANSA<\/p>\n<p style=\"text-align: justify;\">(CdM \u2013 RV)<\/p>\n","protected":false},"excerpt":{"rendered":"<p>Peregrinaci\u00f3n de las reliquias de San P\u00edo y San Leopoldo (RV).- Llegan a la Bas\u00edlica de San Pedro las reliquias de los santos confesores Padre P\u00edo y Leopoldo Mandi\u0107. P\u00edo de Pietralcina, \u00abel fraile revelador y mediador del amor misericordioso del Padre celestial\u00bb y Leopoldo Mandi\u0107, de origen croata, \u00abpionero del ecumenismo\u00bb \u00abNunca me cansar\u00e9 &hellip; <a href=\"https:\/\/www.biblia.work\/sermones\/peregrinacion-de-las-reliquias-de-san-pio-y-san-leopoldo\/\" class=\"more-link\">Continuar leyendo<span class=\"screen-reader-text\"> \u00abPeregrinaci\u00f3n de las reliquias de San P\u00edo y San Leopoldo\u00bb<\/span><\/a><\/p>\n","protected":false},"author":1,"featured_media":0,"comment_status":"open","ping_status":"closed","sticky":false,"template":"","format":"standard","meta":{"footnotes":""},"categories":[1],"tags":[],"class_list":["post-36819","post","type-post","status-publish","format-standard","hentry","category-general"],"_links":{"self":[{"href":"https:\/\/www.biblia.work\/sermones\/wp-json\/wp\/v2\/posts\/36819","targetHints":{"allow":["GET"]}}],"collection":[{"href":"https:\/\/www.biblia.work\/sermones\/wp-json\/wp\/v2\/posts"}],"about":[{"href":"https:\/\/www.biblia.work\/sermones\/wp-json\/wp\/v2\/types\/post"}],"author":[{"embeddable":true,"href":"https:\/\/www.biblia.work\/sermones\/wp-json\/wp\/v2\/users\/1"}],"replies":[{"embeddable":true,"href":"https:\/\/www.biblia.work\/sermones\/wp-json\/wp\/v2\/comments?post=36819"}],"version-history":[{"count":0,"href":"https:\/\/www.biblia.work\/sermones\/wp-json\/wp\/v2\/posts\/36819\/revisions"}],"wp:attachment":[{"href":"https:\/\/www.biblia.work\/sermones\/wp-json\/wp\/v2\/media?parent=36819"}],"wp:term":[{"taxonomy":"category","embeddable":true,"href":"https:\/\/www.biblia.work\/sermones\/wp-json\/wp\/v2\/categories?post=36819"},{"taxonomy":"post_tag","embeddable":true,"href":"https:\/\/www.biblia.work\/sermones\/wp-json\/wp\/v2\/tags?post=36819"}],"curies":[{"name":"wp","href":"https:\/\/api.w.org\/{rel}","templated":true}]}}