{"id":36820,"date":"2016-06-21T10:31:32","date_gmt":"2016-06-21T15:31:32","guid":{"rendered":"http:\/\/www.biblia.work\/sermones\/miles-de-fieles-veneran-las-reliquias-del-padre-pio-en-roma\/"},"modified":"2016-06-21T10:31:32","modified_gmt":"2016-06-21T15:31:32","slug":"miles-de-fieles-veneran-las-reliquias-del-padre-pio-en-roma","status":"publish","type":"post","link":"https:\/\/www.biblia.work\/sermones\/miles-de-fieles-veneran-las-reliquias-del-padre-pio-en-roma\/","title":{"rendered":"Miles de fieles veneran las reliquias del Padre P\u00edo en Roma"},"content":{"rendered":"<p style=\"text-align: justify;\"><strong>Miles de fieles veneran las reliquias del Padre P\u00edo en Roma<\/strong><\/p>\n<p style=\"text-align: justify;\">(RV).- La ciudad eterna se viste de fiesta con la llegada de las reliquias de San P\u00edo de Pietrelcina y San Leopoldo Mandic que estar\u00e1n en la capital italiana hasta el mi\u00e9rcoles 11 de febrero. Los restos mortales de los dos santos capuchinos salieron del santuario de San Giovanni Rotondo, en la regi\u00f3n italiana de Apulia, y despu\u00e9s de recorrer casi 500 kil\u00f3metros llegaron a la iglesia romana de San Lorenzo Extramuros, donde han sido venerados con celebraciones lit\u00fargicas.<\/p>\n<p style=\"text-align: justify;\">\u00a0Las urnas que contienen las reliquias de los dos grandes santos reconocidos sobre todo como grandes ejemplos de la Misericordia vivida, ser\u00e1n trasladadas a la Iglesia Jubilar de San Salvador en Lauro, en el centro de Roma y desde all\u00ed saldr\u00e1n en procesi\u00f3n este viernes 5 hacia la Bas\u00edlica de San Pedro, donde ser\u00e1n acogidas por el cardenal Angelo Comastri, Arcipreste de la Bas\u00edlica. El s\u00e1bado por la ma\u00f1ana en la Plaza de San Pedro se celebrar\u00e1 la Audiencia Jubilar para los grupos de oraci\u00f3n del Padre P\u00edo. La exposici\u00f3n de las reliquias para la veneraci\u00f3n de los fieles en la Bas\u00edlica de San Pedro durar\u00e1 hasta el martes 9 de febrero.<\/p>\n<p style=\"text-align: justify;\">El mi\u00e9rcoles 10, Mi\u00e9rcoles de Ceniza, el Papa celebrar\u00e1 la Solemne Celebraci\u00f3n eucar\u00edstica en la Bas\u00edlica Vaticana, y conferir\u00e1 oficialmente a los Misioneros de la Misericordia su mandato. Finalmente el d\u00eda 11, despu\u00e9s de la celebraci\u00f3n eucar\u00edstica, las reliquias de los dos santos partir\u00e1n hacia sus respectivas sedes de procedencia. Pueden consultar al detalle los horarios de veneraci\u00f3n en la p\u00e1gina web del A\u00f1o Jubileo www.im.va<\/p>\n<p style=\"text-align: justify;\">\n<p style=\"text-align: justify;\"><strong>Vida de Padre P\u00edo: \u201cQuiero ser s\u00f3lo un pobre fraile que reza\u201d.<\/strong><\/p>\n<p style=\"text-align: justify;\">El 16 de junio de 2002 San Juan Pablo II proclam\u00f3 santo a P\u00edo de Pietrelcina. Durante su homil\u00eda, el Papa recalc\u00f3 que \u201cLa vida y la misi\u00f3n del padre P\u00edo testimonian que las dificultades y los dolores, si se aceptan por amor, se transforman en un camino privilegiado de santidad, que se abre a perspectivas de un bien mayor, que s\u00f3lo el Se\u00f1or conoce\u201d.<\/p>\n<p style=\"text-align: justify;\">\u201cEl padre P\u00edo fue generoso dispensador de la misericordia divina, poni\u00e9ndose a disposici\u00f3n de todos a trav\u00e9s de la acogida, de la direcci\u00f3n espiritual y especialmente de la administraci\u00f3n del sacramento de la penitencia. Tambi\u00e9n yo, durante mi juventud, tuve el privilegio de aprovechar su disponibilidad hacia los penitentes. El ministerio del confesonario, que constituye uno de los rasgos distintivos de su apostolado, atra\u00eda a multitudes innumerables de fieles al convento de San Giovanni Rotondo. Aunque aquel singular confesor trataba a los peregrinos con aparente dureza, estos, tomando conciencia de la gravedad del pecado y sinceramente arrepentidos, volv\u00edan casi siempre para recibir el abrazo pacificador del perd\u00f3n sacramental\u201d, asegur\u00f3 San Juan Pablo II.<\/p>\n<p style=\"text-align: justify;\">\u00a0Padre P\u00edo naci\u00f3 el 25 de mayo de 1887 en Pietrelcina, archidi\u00f3cesis de Benevento. Cuando ten\u00eda 16 a\u00f1os, entr\u00f3 en el noviciado de la orden de los Frailes Menores Capuchinos en Morcone, y al finalizar el a\u00f1o emiti\u00f3 la profesi\u00f3n de los votos simples y el 27 de enero de 1907 la profesi\u00f3n solemne.<\/p>\n<p style=\"text-align: justify;\">\u00a0En 1910 fue enviado al Convento de San Giovanni Rotondo y permaneci\u00f3 all\u00ed hasta su muerte. Enardecido por el amor a Dios y al pr\u00f3jimo, Padre P\u00edo vivi\u00f3 en plenitud la vocaci\u00f3n de colaborar en la redenci\u00f3n del hombre, seg\u00fan la misi\u00f3n especial que caracteriz\u00f3 toda su vida y que llev\u00f3 a cabo mediante la direcci\u00f3n espiritual de los fieles, la reconciliaci\u00f3n sacramental de los penitentes y la celebraci\u00f3n de la Eucarist\u00eda. El momento cumbre de su actividad apost\u00f3lica era aqu\u00e9l en el que celebraba la Santa Misa. Los fieles que participaban en la misma percib\u00edan la altura y profundidad de su espiritualidad.<\/p>\n<p style=\"text-align: justify;\">En el orden de la caridad social se comprometi\u00f3 en aliviar los dolores y las miserias de tantas familias, especialmente con la fundaci\u00f3n de la \u201cCasa del Alivio del Sufrimiento\u201d, inaugurada el 5de mayo de 1956.<\/p>\n<p style=\"text-align: justify;\">\u00a0Expres\u00f3 el m\u00e1ximo de su caridad hacia el pr\u00f3jimo acogiendo, por m\u00e1s de 50 a\u00f1os, a much\u00edsimas personas que acud\u00edan a su ministerio y a su confesionario, recibiendo su consejo y su consuelo. Era como un asedio: lo buscaban en la iglesia, en la sacrist\u00eda y en el convento. Y \u00e9l se daba a todos, haciendo renacer la fe, distribuyendo la gracia y llevando luz. Pero especialmente en los pobres, en quienes sufr\u00edan y en los enfermos, \u00e9l ve\u00eda la imagen de Cristo y se entregaba especialmente a ellos.<\/p>\n<p style=\"text-align: justify;\">Se consideraba sinceramente in\u00fatil, indigno de los dones de Dios, lleno de miserias y a la vez de favores divinos. En medio a tanta admiraci\u00f3n del mundo, repet\u00eda: \u201cQuiero ser s\u00f3lo un pobre fraile que reza\u201d.<\/p>\n<p style=\"text-align: justify;\">Su salud, desde la juventud, no fue muy robusta y, especialmente en los \u00faltimos a\u00f1os de su vida, empeor\u00f3 r\u00e1pidamente. La hermana muerte lo sorprendi\u00f3 preparado y sereno el 23 de septiembre de 1968, a los 81 a\u00f1os de edad. Sus funerales se caracterizaron por una extraordinaria concurrencia de personas.<\/p>\n<p style=\"text-align: justify;\">\u00a0Ya durante su vida goz\u00f3 de notable fama de santidad, debida a sus virtudes, a su esp\u00edritu de oraci\u00f3n, de sacrificio y de entrega total al bien de las almas.<\/p>\n<p style=\"text-align: justify;\">\u00a0En los a\u00f1os siguientes a su muerte, la fama de santidad y de milagros creci\u00f3 constantemente, llegando a ser un fen\u00f3meno eclesial extendido por todo el mundo y en toda clase de personas.<\/p>\n<p style=\"text-align: justify;\">\u00a0(MZ-RV)<\/p>\n<p style=\"text-align: justify;\">\u00a0Foto: Cientos de fieles veneran las reliquias en las iglesias de Roma &#8211; ANSA<\/p>\n","protected":false},"excerpt":{"rendered":"<p>Miles de fieles veneran las reliquias del Padre P\u00edo en Roma (RV).- La ciudad eterna se viste de fiesta con la llegada de las reliquias de San P\u00edo de Pietrelcina y San Leopoldo Mandic que estar\u00e1n en la capital italiana hasta el mi\u00e9rcoles 11 de febrero. Los restos mortales de los dos santos capuchinos salieron &hellip; <a href=\"https:\/\/www.biblia.work\/sermones\/miles-de-fieles-veneran-las-reliquias-del-padre-pio-en-roma\/\" class=\"more-link\">Continuar leyendo<span class=\"screen-reader-text\"> \u00abMiles de fieles veneran las reliquias del Padre P\u00edo en Roma\u00bb<\/span><\/a><\/p>\n","protected":false},"author":1,"featured_media":0,"comment_status":"open","ping_status":"closed","sticky":false,"template":"","format":"standard","meta":{"footnotes":""},"categories":[1],"tags":[],"class_list":["post-36820","post","type-post","status-publish","format-standard","hentry","category-general"],"_links":{"self":[{"href":"https:\/\/www.biblia.work\/sermones\/wp-json\/wp\/v2\/posts\/36820","targetHints":{"allow":["GET"]}}],"collection":[{"href":"https:\/\/www.biblia.work\/sermones\/wp-json\/wp\/v2\/posts"}],"about":[{"href":"https:\/\/www.biblia.work\/sermones\/wp-json\/wp\/v2\/types\/post"}],"author":[{"embeddable":true,"href":"https:\/\/www.biblia.work\/sermones\/wp-json\/wp\/v2\/users\/1"}],"replies":[{"embeddable":true,"href":"https:\/\/www.biblia.work\/sermones\/wp-json\/wp\/v2\/comments?post=36820"}],"version-history":[{"count":0,"href":"https:\/\/www.biblia.work\/sermones\/wp-json\/wp\/v2\/posts\/36820\/revisions"}],"wp:attachment":[{"href":"https:\/\/www.biblia.work\/sermones\/wp-json\/wp\/v2\/media?parent=36820"}],"wp:term":[{"taxonomy":"category","embeddable":true,"href":"https:\/\/www.biblia.work\/sermones\/wp-json\/wp\/v2\/categories?post=36820"},{"taxonomy":"post_tag","embeddable":true,"href":"https:\/\/www.biblia.work\/sermones\/wp-json\/wp\/v2\/tags?post=36820"}],"curies":[{"name":"wp","href":"https:\/\/api.w.org\/{rel}","templated":true}]}}