{"id":36822,"date":"2016-06-21T10:31:45","date_gmt":"2016-06-21T15:31:45","guid":{"rendered":"http:\/\/www.biblia.work\/sermones\/libro-la-flota-pontificia-en-los-dardanelos-1657\/"},"modified":"2016-06-21T10:31:45","modified_gmt":"2016-06-21T15:31:45","slug":"libro-la-flota-pontificia-en-los-dardanelos-1657","status":"publish","type":"post","link":"https:\/\/www.biblia.work\/sermones\/libro-la-flota-pontificia-en-los-dardanelos-1657\/","title":{"rendered":"Libro La flota pontificia en los Dardanelos, 1657"},"content":{"rendered":"<p style=\"text-align: justify;\"><strong>Presentado al Papa Francisco el libro: La flota pontificia en los Dardanelos, 1657<\/strong><\/p>\n<p style=\"text-align: justify;\">Esta ma\u00f1ana, al final de la audiencia general, el historiador <strong>Rinaldo Marmara<\/strong> ha presentado al Papa Francisco una copia de su libro &#8216;<strong>&#8216;La squadra Pontificia ai Dardanelli 1657<\/strong> \/lk \u00c7anakkale Zaferi 1657&#8221;. El volumen es una <strong>transcripci\u00f3n de los manuscritos italianos y turcos del fondo Chigi de la Biblioteca Vaticana<\/strong>, y un relato de la participaci\u00f3n de la flota pontificia en la Segunda Batalla de los Dardanelos en 1657. El libro, a pesar de los dolorosos recuerdos de la historia, ilustra la importancia de la investigaci\u00f3n acad\u00e9mica y de la apertura de los archivos a las investigaciones hist\u00f3ricas al servicio de la verdad y de la construcci\u00f3n de puentes de cooperaci\u00f3n y entendimiento mutuo, informa un comunicado publicado hoy en la Oficina de Prensa de la Santa Sede.<\/p>\n<p style=\"text-align: justify;\">A la luz de este hecho, se ha evidenciado y apreciado el renovado compromiso de Turqu\u00eda para poner sus archivos a disposici\u00f3n de los historiadores e investigadores de las partes interesadas, con la intenci\u00f3n de llegar conjuntamente a una mejor comprensi\u00f3n de los acontecimientos hist\u00f3ricos, del dolor y de los sufrimientos padecidos, independientemente de la propia identidad religiosa o \u00e9tnica, de todas las partes implicadas en las guerras y conflictos, incluidos los tr\u00e1gicos acontecimientos de 1915. Los hechos dolorosos de la historia no deben olvidarse; requieren en cambio un cuidadoso examen y una reflexi\u00f3n para que puedan llevar a la curaci\u00f3n y la purificaci\u00f3n de la memoria, tan necesaria para la reconciliaci\u00f3n y el perd\u00f3n para los individuos y de los pueblos, como afirmaba san Juan Pablo II.<\/p>\n<p style=\"text-align: justify;\">La memoria del sufrimiento y del dolor, tanto del pasado lejano pasado como del m\u00e1s reciente, como en el caso del asesinato de Taha Carim, embajador de Turqu\u00eda ante la Santa Sede, en junio de 1977, a manos de un grupo terrorista, nos exhorta a reconocer tambi\u00e9n el sufrimiento del presente y a condenar todos los actos de violencia y terrorismo, que sigue causando v\u00edctimas, todav\u00eda en nuestros d\u00edas.<\/p>\n<p style=\"text-align: justify;\">Particularmente odiosa y ofensiva es la violencia y el terrorismo cometido en el nombre de Dios y de la religi\u00f3n. Como el Papa Francisco afirm\u00f3 durante su visita a la Rep\u00fablica Centroafricana: &#8220;Entre cristianos y musulmanes somos hermanos &#8230; Juntos, digamos no al odio, no a la venganza, no a la violencia, especialmente a la que se comete en nombre de una religi\u00f3n o de Dios &#8220;. Que estas palabras inspiren a todas las personas de buena voluntad a recordar y afirmar su hermandad, solidaridad, compasi\u00f3n y humanidad compartidas y a reiterar su posici\u00f3n com\u00fan contra toda violencia&#8221;.<\/p>\n<p style=\"text-align: justify;\">Ciudad del Vaticano, 3 de febrero de 2016 (Vis).-<\/p>\n<p style=\"text-align: justify;\">Foto: el autor Rinaldo Marmara<\/p>\n","protected":false},"excerpt":{"rendered":"<p>Presentado al Papa Francisco el libro: La flota pontificia en los Dardanelos, 1657 Esta ma\u00f1ana, al final de la audiencia general, el historiador Rinaldo Marmara ha presentado al Papa Francisco una copia de su libro &#8216;&#8216;La squadra Pontificia ai Dardanelli 1657 \/lk \u00c7anakkale Zaferi 1657&#8221;. El volumen es una transcripci\u00f3n de los manuscritos italianos y &hellip; <a href=\"https:\/\/www.biblia.work\/sermones\/libro-la-flota-pontificia-en-los-dardanelos-1657\/\" class=\"more-link\">Continuar leyendo<span class=\"screen-reader-text\"> \u00abLibro La flota pontificia en los Dardanelos, 1657\u00bb<\/span><\/a><\/p>\n","protected":false},"author":1,"featured_media":0,"comment_status":"open","ping_status":"closed","sticky":false,"template":"","format":"standard","meta":{"footnotes":""},"categories":[1],"tags":[],"class_list":["post-36822","post","type-post","status-publish","format-standard","hentry","category-general"],"_links":{"self":[{"href":"https:\/\/www.biblia.work\/sermones\/wp-json\/wp\/v2\/posts\/36822","targetHints":{"allow":["GET"]}}],"collection":[{"href":"https:\/\/www.biblia.work\/sermones\/wp-json\/wp\/v2\/posts"}],"about":[{"href":"https:\/\/www.biblia.work\/sermones\/wp-json\/wp\/v2\/types\/post"}],"author":[{"embeddable":true,"href":"https:\/\/www.biblia.work\/sermones\/wp-json\/wp\/v2\/users\/1"}],"replies":[{"embeddable":true,"href":"https:\/\/www.biblia.work\/sermones\/wp-json\/wp\/v2\/comments?post=36822"}],"version-history":[{"count":0,"href":"https:\/\/www.biblia.work\/sermones\/wp-json\/wp\/v2\/posts\/36822\/revisions"}],"wp:attachment":[{"href":"https:\/\/www.biblia.work\/sermones\/wp-json\/wp\/v2\/media?parent=36822"}],"wp:term":[{"taxonomy":"category","embeddable":true,"href":"https:\/\/www.biblia.work\/sermones\/wp-json\/wp\/v2\/categories?post=36822"},{"taxonomy":"post_tag","embeddable":true,"href":"https:\/\/www.biblia.work\/sermones\/wp-json\/wp\/v2\/tags?post=36822"}],"curies":[{"name":"wp","href":"https:\/\/api.w.org\/{rel}","templated":true}]}}