{"id":36823,"date":"2016-06-21T10:31:49","date_gmt":"2016-06-21T15:31:49","guid":{"rendered":"http:\/\/www.biblia.work\/sermones\/previsiones-en-el-vaticano-de-la-semana-del-2-al-8-de-febrero-de-2016\/"},"modified":"2016-06-21T10:31:49","modified_gmt":"2016-06-21T15:31:49","slug":"previsiones-en-el-vaticano-de-la-semana-del-2-al-8-de-febrero-de-2016","status":"publish","type":"post","link":"https:\/\/www.biblia.work\/sermones\/previsiones-en-el-vaticano-de-la-semana-del-2-al-8-de-febrero-de-2016\/","title":{"rendered":"Previsiones en el Vaticano de la semana del 2 al 8 de febrero de 2016"},"content":{"rendered":"<p style=\"text-align: justify;\"><strong>Previsiones en el Vaticano de la semana del 2 al 8 de febrero de 2016<br \/>\n<\/strong><\/p>\n<p style=\"text-align: justify;\">(RV).- El <strong>martes 2 de febrero<\/strong>, Fiesta de la Presentaci\u00f3n del Se\u00f1or y <strong>20\u00aa Jornada de la Vida Consagrada<\/strong>, el Papa Francisco presidir\u00e1 la Santa Misa para los religiosos y religiosas de todo el mundo, a las 17.30, en la Bas\u00edlica de San Pedro, con ocasi\u00f3n de su Jubileo y de la Clausura del A\u00f1o dedicado a este tipo de vida.<\/p>\n<p style=\"text-align: justify;\">\u00a0Ese mismo d\u00eda tendr\u00e1 lugar en la Ciudad del Vaticano la extracci\u00f3n de los billetes de la tercera edici\u00f3n de la Loter\u00eda de beneficencia para las obras de caridad del Papa Francisco organizada por el Governatorato.<\/p>\n<p style=\"text-align: justify;\">\u00a0Por otra parte, el 2 de febrero se presentar\u00e1, en la <strong>Filmoteca Vaticana, el libro titulado \u201cLa Misericordia en Padre P\u00edo\u201d<\/strong> y el DVD que lleva por t\u00edtulo: \u201cPadre Pio. Constructor de Misericordia\u201d, a cargo del Centro Televisivo Vaticano, de las Ediciones San Pablo y Padre P\u00edo de Pietrelcina.<\/p>\n<p style=\"text-align: justify;\">\u00a0Mientras en la ciudad portuguesa de <strong>F\u00e1tima, con ocasi\u00f3n de la Fiesta de la Presentaci\u00f3n del Se\u00f1or,<\/strong> el Obispo de Leiria-F\u00e1tima, Monse\u00f1or Antonio Marto, presidir\u00e1 la celebraci\u00f3n eucar\u00edstica, durante la cual ser\u00e1 <strong>consagrado un altar totalmente renovado, ideado por el escultor Bruno Marques.<\/strong><\/p>\n<p style=\"text-align: justify;\">\u00a0El <strong>mi\u00e9rcoles 3 de febrero<\/strong>, el Papa Francisco celebrar\u00e1 a partir de las 10.00 en la Plaza de San Pedro su acostumbrada Audiencia General, ante la presencia de varios miles de fieles y peregrinos deseosos de escuchar su catequesis semanal y de recibir su Bendici\u00f3n Apost\u00f3lica.<\/p>\n<p style=\"text-align: justify;\">\u00a0Asimismo, en el \u00e1mbito de los llamados \u201cmi\u00e9rcoles culturares\u201d de la Pontificia Parroquia de Santa Ana en la Ciudad del Vaticano, tendr\u00e1 lugar a las 18.00, en la Sala del Buen Consejo, una velada musical a cargo de Lydia Raimondi y su guitarra.<\/p>\n<p style=\"text-align: justify;\">\u00a0Mientras desde la localidad italiana de San Giovanni Rotondo se proceder\u00e1 a la <strong>traslaci\u00f3n a Roma de las reliquias del cuerpo de San P\u00edo de Pietrelcina<\/strong>, que estar\u00e1n expuestas a la veneraci\u00f3n de los fieles, con ocasi\u00f3n del A\u00f1o Extraordinario de la Misericordia, primero en la bas\u00edlica romana de San Lorenzo Extramuros.<\/p>\n<p style=\"text-align: justify;\">\u00a0El<strong> jueves 4 de febrero,<\/strong> en la Filmoteca Vaticana se presentar\u00e1 en preestreno la pel\u00edcula titulada \u201cRisen\u201d, de Kevin Reynolds.<\/p>\n<p style=\"text-align: justify;\">\u00a0El <strong>viernes 5 de febrero<\/strong> por la tarde, las reliquias de San P\u00edo y de San Leopoldo Mandic ser\u00e1n acompa\u00f1adas en procesi\u00f3n a la Bas\u00edlica de San Pedro, desde la parroquia de San Salvador en Lauro que se encuentra en el centro hist\u00f3rico de la capital italiana y que ha sido elegida como una de las tres iglesias de referencia de los peregrinos que se encaminan hacia la Puerta Santa Vaticana.<\/p>\n<p style=\"text-align: justify;\">\u00a0Ese mismo d\u00eda el Papa Francisco deber\u00eda recibir en audiencia al Sr. <strong>Edgar Lungu, Presidente de Zambia.<\/strong><\/p>\n<p style=\"text-align: justify;\">\u00a0Mientras en el Pontificio Colegio Teut\u00f3nico, a las 17.00, se presentar\u00e1 el<strong> libro<\/strong> titulado <strong>\u201cBenedicto XVI un Papa total\u201d,<\/strong> del periodista italiano Marco Mancini. Intervendr\u00e1n en la presentaci\u00f3n Monse\u00f1or Georg Ganswein, Prefecto de la Casa Pontificia y Secretario Particular del Papa Em\u00e9rito y Angela Ambrogetti, Directora Editorial de Acistampa.<\/p>\n<p style=\"text-align: justify;\">\u00a0El <strong>s\u00e1bado 6 de febrero,<\/strong> el Papa Francisco celebrar\u00e1 a las 10.30, en la Plaza de San Pedro, una audiencia especial, en el \u00e1mbito del Jubileo de la Misericordia, para los Grupos de oraci\u00f3n de Padre P\u00edo y los empleados de la Casa \u201cAlivio del Sufrimiento\u201d as\u00ed como para los fieles de la Arquidi\u00f3cesis de Manfredonia \u2013 Vieste \u2013 San Giovanni Rotondo.<\/p>\n<p style=\"text-align: justify;\">\u00a0Ese mismo d\u00eda la Comunidad de<strong> San Egidio celebrar\u00e1 el 48\u00b0 aniversario de su fundaci\u00f3n<\/strong>, tras haber nacido en Roma en febrero de 1968. Actualmente, esta comunidad acoge a sesenta mil miembros, todos ellos voluntarios, de setenta y cuatro pa\u00edses.<\/p>\n<p style=\"text-align: justify;\">El <strong>7 de febrero, V Domingo del tiempo ordinario y memoria lit\u00fargica del Beato Papa P\u00edo IX<\/strong>, el Santo Padre Francisco rezar\u00e1 a mediod\u00eda la oraci\u00f3n mariana del \u00c1ngelus con los fieles y peregrinos que se dar\u00e1n cita en la Plaza de San Pedro, deseosos de escuchar su comentario al Evangelio y de recibir su Bendici\u00f3n Apost\u00f3lica.<\/p>\n<p style=\"text-align: justify;\">\u00a0Ese d\u00eda se celebrar\u00e1 en Italia la <strong>38\u00aa Jornada Nacional por la vida,<\/strong> evento para el cual la Conferencia Episcopal Italiana hizo p\u00fablico un mensaje, el pasado 22 de octubre de 2015.<\/p>\n<p style=\"text-align: justify;\">\u00a0El lunes <strong>8 de febrero<\/strong> se celebrar\u00e1 la memoria lit\u00fargica de <strong>San Jer\u00f3nimo Emiliani<\/strong>, <strong>fundador de los padres Somascos, y Patrono de los hu\u00e9rfanos y de la juventud desamparada.<\/strong> Tambi\u00e9n se celebrar\u00e1 la memoria facultativa de Santa Josefina Bakhita, religiosa sudanesa de la Congregaci\u00f3n de las Hijas de la Caridad, canonizada durante el Gran Jubileo del A\u00f1o 2000 por San Juan Pablo II.<\/p>\n<p style=\"text-align: justify;\">Del<strong> 8 al 9 de enero tendr\u00e1 lugar en la Ciudad del Vaticano la XIII Reuni\u00f3n del Consejo de los nueve cardenales,<\/strong> tras la anterior del 10 al 12 de diciembre del a\u00f1o pasado.<\/p>\n<p style=\"text-align: justify;\">\u00a0(Mar\u00eda Fernanda Bernasconi &#8211; RV).<\/p>\n<p style=\"text-align: justify;\">\u00a0Foto: Numerosos fieles y peregrinos con el Papa en la Plaza de San Pedro durante la \u00faltima audiencia general de enero &#8211; REUTERS<\/p>\n","protected":false},"excerpt":{"rendered":"<p>Previsiones en el Vaticano de la semana del 2 al 8 de febrero de 2016 (RV).- El martes 2 de febrero, Fiesta de la Presentaci\u00f3n del Se\u00f1or y 20\u00aa Jornada de la Vida Consagrada, el Papa Francisco presidir\u00e1 la Santa Misa para los religiosos y religiosas de todo el mundo, a las 17.30, en la &hellip; <a href=\"https:\/\/www.biblia.work\/sermones\/previsiones-en-el-vaticano-de-la-semana-del-2-al-8-de-febrero-de-2016\/\" class=\"more-link\">Continuar leyendo<span class=\"screen-reader-text\"> \u00abPrevisiones en el Vaticano de la semana del 2 al 8 de febrero de 2016\u00bb<\/span><\/a><\/p>\n","protected":false},"author":1,"featured_media":0,"comment_status":"open","ping_status":"closed","sticky":false,"template":"","format":"standard","meta":{"footnotes":""},"categories":[1],"tags":[],"class_list":["post-36823","post","type-post","status-publish","format-standard","hentry","category-general"],"_links":{"self":[{"href":"https:\/\/www.biblia.work\/sermones\/wp-json\/wp\/v2\/posts\/36823","targetHints":{"allow":["GET"]}}],"collection":[{"href":"https:\/\/www.biblia.work\/sermones\/wp-json\/wp\/v2\/posts"}],"about":[{"href":"https:\/\/www.biblia.work\/sermones\/wp-json\/wp\/v2\/types\/post"}],"author":[{"embeddable":true,"href":"https:\/\/www.biblia.work\/sermones\/wp-json\/wp\/v2\/users\/1"}],"replies":[{"embeddable":true,"href":"https:\/\/www.biblia.work\/sermones\/wp-json\/wp\/v2\/comments?post=36823"}],"version-history":[{"count":0,"href":"https:\/\/www.biblia.work\/sermones\/wp-json\/wp\/v2\/posts\/36823\/revisions"}],"wp:attachment":[{"href":"https:\/\/www.biblia.work\/sermones\/wp-json\/wp\/v2\/media?parent=36823"}],"wp:term":[{"taxonomy":"category","embeddable":true,"href":"https:\/\/www.biblia.work\/sermones\/wp-json\/wp\/v2\/categories?post=36823"},{"taxonomy":"post_tag","embeddable":true,"href":"https:\/\/www.biblia.work\/sermones\/wp-json\/wp\/v2\/tags?post=36823"}],"curies":[{"name":"wp","href":"https:\/\/api.w.org\/{rel}","templated":true}]}}