{"id":36824,"date":"2016-06-21T10:31:53","date_gmt":"2016-06-21T15:31:53","guid":{"rendered":"http:\/\/www.biblia.work\/sermones\/presentado-en-la-santa-sede-el-libro-testigos-del-resucitado\/"},"modified":"2016-06-21T10:31:53","modified_gmt":"2016-06-21T15:31:53","slug":"presentado-en-la-santa-sede-el-libro-testigos-del-resucitado","status":"publish","type":"post","link":"https:\/\/www.biblia.work\/sermones\/presentado-en-la-santa-sede-el-libro-testigos-del-resucitado\/","title":{"rendered":"Presentado en la Santa Sede el libro &#8221;Testigos del Resucitado&#8221;"},"content":{"rendered":"<p style=\"text-align: justify;\"><strong>Presentado en la Santa Sede el libro &#8221;Testigos del Resucitado&#8221;<\/strong><\/p>\n<p align=\"justify\">Esta ma\u00f1ana, 1 de febrero de 2016, se ha presentado en la Oficina de Prensa de la Santa Sede el <strong>libro &#8221;Testigos del Resucitado&#8221;,<\/strong> las <strong>actas del curso anual de formaci\u00f3n para los nuevos obispos, editado por la Liberia Editora Vaticana (LEV)<\/strong> y a cargo de la <strong>Congregaci\u00f3n para los Obispos.<\/strong> Han intervenido el cardenal<strong> Marc Ouellet<\/strong>, P.S.S., Prefecto de dicha Congregaci\u00f3n ; el arzobispo<strong> Ilson de Jesus Montanari,<\/strong> secretario de la misma y el arzobispo <strong>Francesco Cacucci,<\/strong> de Bari-Bitonto (Italia) relator del curso.<\/p>\n<p align=\"justify\">&#8221;Esta experiencia -ha dicho el cardenal Marc Ouellet- comienza desde lejos. De hecho, los s\u00ednodos celebrados en las \u00faltimas d\u00e9cadas han demostrado que la formaci\u00f3n es una necesidad para todos aquellos que son parte de la Iglesia: laicos, sacerdotes, religiosos y hasta obispos&#8230; A la luz de estas declaraciones -ha continuado-, la Congregaci\u00f3n para los Obispos, despu\u00e9s de un atento discernimiento, dio inicio a la experiencia del curso de formaci\u00f3n para los nuevos obispos. El primer evento, coordinado por el entonces Prefecto, el cardenal Giovanni Battista Re, se llev\u00f3 a cabo entre finales de junio y principios de julio de 2001. El pr\u00f3ximo, por consiguiente, ser\u00e1 la XVI edici\u00f3n. Obispos de todo el mundo viajan a Roma por esta iniciativa, bajo el patrocinio de la Congregaci\u00f3n para los Obispos, en colaboraci\u00f3n con la Congregaci\u00f3n para las Iglesias Orientales y, ocasionalmente, con la Congregaci\u00f3n para la Evangelizaci\u00f3n de los Pueblos&#8221;.<\/p>\n<p align=\"justify\">&#8221;Esto significa -ha a\u00f1adido- que m\u00e1s de 1500 obispos han sido iniciados en su misi\u00f3n pastoral a trav\u00e9s de esta experiencia de 8 -9 d\u00edas de convivencia, intercambio fraterno, conferencias, debates y, sobre todo encuentro con el Santo Padre y representantes de la Curia Romana, y del episcopado mundial. El contenido compartido en este \u00e1mbito formativo se publica en este libro y se pone a disposici\u00f3n del p\u00fablico, para recibir eventualmente comentarios y sugerencias \u00fatiles para mejorar la experiencia&#8221;.<\/p>\n<p align=\"justify\">Por su parte, el arzobispo Francesco Cacucci ha explicado c\u00f3mo &#8221;en un momento de hiper-activismo y fragmentaci\u00f3n, el obispo est\u00e1 llamado, hoy m\u00e1s que nunca, a ser el hombre de la s\u00edntesis y a ayudar a &#8220;hermanos y amigos&#8221; sacerdotes a buscar lo esencial&#8230; El Congreso eclesial italiani celebrado en Florencia el pasado noviembre -ha continuado-, recibi\u00f3 del Santo Padre un est\u00edmulo para vivir una &#8220;colegialidad&#8221; eficaz. Caminar juntos (s\u00ednodo) con los sacerdotes, los consagrados, y laicos, es una fatiga, pero es la expresi\u00f3n del amor y la comuni\u00f3n en la Iglesia. Se puede decir con San Agust\u00edn que &#8220;cuando se ama, incluso la fatiga es amada&#8221;. As\u00ed que para ser &#8220;testigo del Resucitado&#8221; el obispo est\u00e1 llamado a ser un hombre de oraci\u00f3n, especialmente de oraci\u00f3n de intercesi\u00f3n&#8221;.<\/p>\n<p align=\"justify\">Asimismo el arzobispo Ilson de Jesus Montanari ha a\u00f1adido que durante estos diecis\u00e9is a\u00f1os el n\u00famero de obispos participantes siempre ha sido superior a 100, y ha explicado c\u00f3mo despu\u00e9s de las primeras reuniones, la Congregaci\u00f3n para las Iglesias Orientales se ha unido a la experiencia enviando por su parte m\u00e1s obispos. &#8221;Esta presencia -ha finalizado- nos ha permitido adquirir un mejor conocimiento de la situaci\u00f3n de estas iglesias a menudo en problemas y en situaciones minoritarias, para reforzar con ellas las relaciones fraternas&#8221;.<\/p>\n<p style=\"text-align: justify;\">Ciudad del Vaticano, 1 febrero 2016 (VIS).-<\/p>\n<p style=\"text-align: justify;\">Foto: El cardenal Marc Ouellet durante la presentaci\u00f3n del libro con las Actas<\/p>\n","protected":false},"excerpt":{"rendered":"<p>Presentado en la Santa Sede el libro &#8221;Testigos del Resucitado&#8221; Esta ma\u00f1ana, 1 de febrero de 2016, se ha presentado en la Oficina de Prensa de la Santa Sede el libro &#8221;Testigos del Resucitado&#8221;, las actas del curso anual de formaci\u00f3n para los nuevos obispos, editado por la Liberia Editora Vaticana (LEV) y a cargo &hellip; <a href=\"https:\/\/www.biblia.work\/sermones\/presentado-en-la-santa-sede-el-libro-testigos-del-resucitado\/\" class=\"more-link\">Continuar leyendo<span class=\"screen-reader-text\"> \u00abPresentado en la Santa Sede el libro &#8221;Testigos del Resucitado&#8221;\u00bb<\/span><\/a><\/p>\n","protected":false},"author":1,"featured_media":0,"comment_status":"open","ping_status":"closed","sticky":false,"template":"","format":"standard","meta":{"footnotes":""},"categories":[1],"tags":[],"class_list":["post-36824","post","type-post","status-publish","format-standard","hentry","category-general"],"_links":{"self":[{"href":"https:\/\/www.biblia.work\/sermones\/wp-json\/wp\/v2\/posts\/36824","targetHints":{"allow":["GET"]}}],"collection":[{"href":"https:\/\/www.biblia.work\/sermones\/wp-json\/wp\/v2\/posts"}],"about":[{"href":"https:\/\/www.biblia.work\/sermones\/wp-json\/wp\/v2\/types\/post"}],"author":[{"embeddable":true,"href":"https:\/\/www.biblia.work\/sermones\/wp-json\/wp\/v2\/users\/1"}],"replies":[{"embeddable":true,"href":"https:\/\/www.biblia.work\/sermones\/wp-json\/wp\/v2\/comments?post=36824"}],"version-history":[{"count":0,"href":"https:\/\/www.biblia.work\/sermones\/wp-json\/wp\/v2\/posts\/36824\/revisions"}],"wp:attachment":[{"href":"https:\/\/www.biblia.work\/sermones\/wp-json\/wp\/v2\/media?parent=36824"}],"wp:term":[{"taxonomy":"category","embeddable":true,"href":"https:\/\/www.biblia.work\/sermones\/wp-json\/wp\/v2\/categories?post=36824"},{"taxonomy":"post_tag","embeddable":true,"href":"https:\/\/www.biblia.work\/sermones\/wp-json\/wp\/v2\/tags?post=36824"}],"curies":[{"name":"wp","href":"https:\/\/api.w.org\/{rel}","templated":true}]}}