{"id":36825,"date":"2016-06-21T10:31:58","date_gmt":"2016-06-21T15:31:58","guid":{"rendered":"http:\/\/www.biblia.work\/sermones\/el-papa-francisco-recibira-al-nuevo-presidente-de-argentina-mauricio-macri\/"},"modified":"2016-06-21T10:31:58","modified_gmt":"2016-06-21T15:31:58","slug":"el-papa-francisco-recibira-al-nuevo-presidente-de-argentina-mauricio-macri","status":"publish","type":"post","link":"https:\/\/www.biblia.work\/sermones\/el-papa-francisco-recibira-al-nuevo-presidente-de-argentina-mauricio-macri\/","title":{"rendered":"El Papa Francisco recibir\u00e1 al nuevo presidente de Argentina, Mauricio Macri"},"content":{"rendered":"<p style=\"text-align: justify;\"><strong>El Papa Francisco recibir\u00e1 al nuevo presidente de Argentina, Mauricio Macri<\/strong><\/p>\n<p style=\"text-align: justify;\">El encuentro entre el reci\u00e9n elegido presidente argentino y Santo Padre tendr\u00e1 lugar el 27 de febrero en el Vaticano<\/p>\n<p style=\"text-align: justify;\">\n<p style=\"text-align: justify;\">El papa <strong>Francisco recibir\u00e1 el pr\u00f3ximo 27 de febrero al nuevo presidente de Argentina, Mauricio Macri<\/strong>. La noticia ha sido confirmada por la Casa Rosada. Esta ser\u00e1 la primera vez que se re\u00fanan desde que es jefe de Estado. Aunque Macri ya se hab\u00eda reunido con el Papa, en octubre de 2013, cuando el l\u00edder de Pro a\u00fan era jefe de gobierno porte\u00f1o.<\/p>\n<p style=\"text-align: justify;\">El candidato Mauricio Macri gan\u00f3 las elecciones el pasado 22 de noviembre, tras imponerse al otro candidato, Scioli, por una ajustada diferencia.<\/p>\n<p style=\"text-align: justify;\">El triunfo de Macri puso fin a 12 a\u00f1os de kirchnerismo en Argentina iniciados con el primer gobierno de N\u00e9stor Kirchner en 2003, al que le sucedieron los dos mandatos de su esposa, Cristina Fern\u00e1ndez.<\/p>\n<p style=\"text-align: justify;\">Foto: Macri Y Su Familia Con El Papa En En Octubre De 2013<\/p>\n<p style=\"text-align: justify;\">ZENIT<\/p>\n","protected":false},"excerpt":{"rendered":"<p>El Papa Francisco recibir\u00e1 al nuevo presidente de Argentina, Mauricio Macri El encuentro entre el reci\u00e9n elegido presidente argentino y Santo Padre tendr\u00e1 lugar el 27 de febrero en el Vaticano El papa Francisco recibir\u00e1 el pr\u00f3ximo 27 de febrero al nuevo presidente de Argentina, Mauricio Macri. La noticia ha sido confirmada por la Casa &hellip; <a href=\"https:\/\/www.biblia.work\/sermones\/el-papa-francisco-recibira-al-nuevo-presidente-de-argentina-mauricio-macri\/\" class=\"more-link\">Continuar leyendo<span class=\"screen-reader-text\"> \u00abEl Papa Francisco recibir\u00e1 al nuevo presidente de Argentina, Mauricio Macri\u00bb<\/span><\/a><\/p>\n","protected":false},"author":1,"featured_media":0,"comment_status":"open","ping_status":"closed","sticky":false,"template":"","format":"standard","meta":{"footnotes":""},"categories":[1],"tags":[],"class_list":["post-36825","post","type-post","status-publish","format-standard","hentry","category-general"],"_links":{"self":[{"href":"https:\/\/www.biblia.work\/sermones\/wp-json\/wp\/v2\/posts\/36825","targetHints":{"allow":["GET"]}}],"collection":[{"href":"https:\/\/www.biblia.work\/sermones\/wp-json\/wp\/v2\/posts"}],"about":[{"href":"https:\/\/www.biblia.work\/sermones\/wp-json\/wp\/v2\/types\/post"}],"author":[{"embeddable":true,"href":"https:\/\/www.biblia.work\/sermones\/wp-json\/wp\/v2\/users\/1"}],"replies":[{"embeddable":true,"href":"https:\/\/www.biblia.work\/sermones\/wp-json\/wp\/v2\/comments?post=36825"}],"version-history":[{"count":0,"href":"https:\/\/www.biblia.work\/sermones\/wp-json\/wp\/v2\/posts\/36825\/revisions"}],"wp:attachment":[{"href":"https:\/\/www.biblia.work\/sermones\/wp-json\/wp\/v2\/media?parent=36825"}],"wp:term":[{"taxonomy":"category","embeddable":true,"href":"https:\/\/www.biblia.work\/sermones\/wp-json\/wp\/v2\/categories?post=36825"},{"taxonomy":"post_tag","embeddable":true,"href":"https:\/\/www.biblia.work\/sermones\/wp-json\/wp\/v2\/tags?post=36825"}],"curies":[{"name":"wp","href":"https:\/\/api.w.org\/{rel}","templated":true}]}}