{"id":36826,"date":"2016-06-21T10:32:08","date_gmt":"2016-06-21T15:32:08","guid":{"rendered":"http:\/\/www.biblia.work\/sermones\/jornada-mundial-de-los-enfermos-de-lepra\/"},"modified":"2016-06-21T10:32:08","modified_gmt":"2016-06-21T15:32:08","slug":"jornada-mundial-de-los-enfermos-de-lepra","status":"publish","type":"post","link":"https:\/\/www.biblia.work\/sermones\/jornada-mundial-de-los-enfermos-de-lepra\/","title":{"rendered":"Jornada Mundial de los Enfermos de Lepra"},"content":{"rendered":"<p style=\"text-align: justify;\"><strong>Jornada Mundial de los Enfermos de Lepra (31-1-2016):<\/strong>\u00a0Lucha contra la enfermedad y reinserci\u00f3n social de los que se han curado<\/p>\n<p style=\"text-align: justify;\">\n<p style=\"text-align: justify;\">El arzobispo <strong>Zygmunt Zimowski<\/strong>, Presidente del Pontificio Consejo para la Pastoral de la Salud ha escrito un mensaje con motivo de la LXIII Jornada Mundial de los Enfermos de Lepra cuyo lema este a\u00f1o es :&#8221;Vivir es ayudar a vivir&#8221;.<\/p>\n<p style=\"text-align: justify;\">&#8221;Esta Jornada -escribe el prelado- constituye para todos una nueva ocasi\u00f3n para proseguir la lucha contra esta terrible infecci\u00f3n y para acabar con el ostracismo al que a menudo se ven condenadas las personas que llevan sus signos inconfundibles. Se trata de una marginaci\u00f3n vinculada con un sentimiento natural de defensa propia ante una enfermedad que en \u00e9pocas pasadas era incur<\/p>\n<p style=\"text-align: justify;\">able y a un miedo &#8221;ancestral&#8221; que, sin embargo, en nuestros d\u00edas no tiene razones para existir ya que la lepra puede curarse y los que se han curado pueden volver a vivir&#8221;.<\/p>\n<p style=\"text-align: justify;\">&#8221;Haciendo suyo el compromiso de la Iglesia en favor del cuidado de los enfermos de lepra y de la ayuda a los que se han curado, adem\u00e1s de para incrementar la sensibilidad de las personas de buena voluntad \u2013 contin\u00faa- nuestro dicasterio, en colaboraci\u00f3n con la Fundaci\u00f3n Sasakawa y con la Fundaci\u00f3n Raoul Follereau, ha organizado dos jornadas de estudio que tendr\u00e1n el viernes 11 y el s\u00e1bado 12 de junio en el Vaticano. En esa circunstancia los participantes podr\u00e1n asistir a la Misa presidida por el Papa Francisco en la Plaza de San Pedro el domingo 12 de junio, con motivo del Jubileo de los Enfermos y las Personas Discapacitadas&#8221;.<\/p>\n<p style=\"text-align: justify;\">&#8221;Tenemos que comprometernos a dar un nuevo empuje a la lucha contra esa enfermedad, ampliando las actividades de informaci\u00f3n y prevenci\u00f3n, pero, sobre todo, favoreciendo como gesto de verdadera com-pasi\u00f3n, la reinserci\u00f3n social y laboral de los que se han curado y que, a pesar de llevar impresas las huellas de esa enfermedad en el cuerpo, mantienen intacta su dignidad de personas&#8221;, concluye mons. Zimowski.<\/p>\n<p style=\"text-align: justify;\">29 de enero 2016 (Vis).-<\/p>\n","protected":false},"excerpt":{"rendered":"<p>Jornada Mundial de los Enfermos de Lepra (31-1-2016):\u00a0Lucha contra la enfermedad y reinserci\u00f3n social de los que se han curado El arzobispo Zygmunt Zimowski, Presidente del Pontificio Consejo para la Pastoral de la Salud ha escrito un mensaje con motivo de la LXIII Jornada Mundial de los Enfermos de Lepra cuyo lema este a\u00f1o es &hellip; <a href=\"https:\/\/www.biblia.work\/sermones\/jornada-mundial-de-los-enfermos-de-lepra\/\" class=\"more-link\">Continuar leyendo<span class=\"screen-reader-text\"> \u00abJornada Mundial de los Enfermos de Lepra\u00bb<\/span><\/a><\/p>\n","protected":false},"author":1,"featured_media":0,"comment_status":"open","ping_status":"closed","sticky":false,"template":"","format":"standard","meta":{"footnotes":""},"categories":[1],"tags":[],"class_list":["post-36826","post","type-post","status-publish","format-standard","hentry","category-general"],"_links":{"self":[{"href":"https:\/\/www.biblia.work\/sermones\/wp-json\/wp\/v2\/posts\/36826","targetHints":{"allow":["GET"]}}],"collection":[{"href":"https:\/\/www.biblia.work\/sermones\/wp-json\/wp\/v2\/posts"}],"about":[{"href":"https:\/\/www.biblia.work\/sermones\/wp-json\/wp\/v2\/types\/post"}],"author":[{"embeddable":true,"href":"https:\/\/www.biblia.work\/sermones\/wp-json\/wp\/v2\/users\/1"}],"replies":[{"embeddable":true,"href":"https:\/\/www.biblia.work\/sermones\/wp-json\/wp\/v2\/comments?post=36826"}],"version-history":[{"count":0,"href":"https:\/\/www.biblia.work\/sermones\/wp-json\/wp\/v2\/posts\/36826\/revisions"}],"wp:attachment":[{"href":"https:\/\/www.biblia.work\/sermones\/wp-json\/wp\/v2\/media?parent=36826"}],"wp:term":[{"taxonomy":"category","embeddable":true,"href":"https:\/\/www.biblia.work\/sermones\/wp-json\/wp\/v2\/categories?post=36826"},{"taxonomy":"post_tag","embeddable":true,"href":"https:\/\/www.biblia.work\/sermones\/wp-json\/wp\/v2\/tags?post=36826"}],"curies":[{"name":"wp","href":"https:\/\/api.w.org\/{rel}","templated":true}]}}