{"id":36827,"date":"2016-06-21T10:32:13","date_gmt":"2016-06-21T15:32:13","guid":{"rendered":"http:\/\/www.biblia.work\/sermones\/todos-los-obispos-espanoles-de-vida-consagrada-en-roma-en-la-clausura-del-ano-de-la-vida-consagrada\/"},"modified":"2016-06-21T10:32:13","modified_gmt":"2016-06-21T15:32:13","slug":"todos-los-obispos-espanoles-de-vida-consagrada-en-roma-en-la-clausura-del-ano-de-la-vida-consagrada","status":"publish","type":"post","link":"https:\/\/www.biblia.work\/sermones\/todos-los-obispos-espanoles-de-vida-consagrada-en-roma-en-la-clausura-del-ano-de-la-vida-consagrada\/","title":{"rendered":"Todos los obispos espa\u00f1oles de Vida Consagrada en Roma en la clausura del A\u00f1o de la Vida Consagrada"},"content":{"rendered":"<p align=\"justify\"><strong>Todos los obispos espa\u00f1oles de Vida Consagrada en Roma en la clausura del A\u00f1o de la Vida Consagrada<\/strong><\/p>\n<p align=\"justify\">Todos los Obispos miembros de la Comisi\u00f3n Episcopal para la Vida Consagrada (CEVC) est\u00e1n participando en la clausura del A\u00f1o de la Vida Consagrada en Roma, como signo de comuni\u00f3n con el Santo Padre y aprecio por los actos que bajo la denominaci\u00f3n \u00abVida consagrada en comuni\u00f3n\u00bb, ha organizado la congregaci\u00f3n para los Institutos de Vida Consagrada y Sociedades de Vida Apost\u00f3lica, los d\u00edas del 28 de enero al 2 de febrero.<\/p>\n<p align=\"justify\">Adem\u00e1s de en los eventos comunes, cada uno de ellos participar\u00e1 (durante los d\u00edas 30 y 31 de enero) en el Encuentro espec\u00edfico de la forma de vida consagrada que acompa\u00f1an habitualmente en Espa\u00f1a, esto es:<\/p>\n<p align=\"justify\">Ordo virginum: Mons. Joaqu\u00edn M\u00aa L\u00f3pez de And\u00fajar y C\u00e1novas del Castillo, Obispo de Getafe<br \/>\nVida mon\u00e1stica: Mons. Jes\u00fas Sanz Montes, OFM, Arzobispo de Oviedo<br \/>\nInstitutos apost\u00f3licos: Mons. Vicente Jim\u00e9nez Zamora, Arzobispo de Zaragoza, Presidente de la CEVC y Miembro de la CIVCSVA, y Mons. Eusebio Hern\u00e1ndez Sola, OAR, Obispo de Tarazona, Miembro de la CIVCSVA<br \/>\nInstitutos seculares: Mons. Manuel S\u00e1nchez Monge, Obispo de Santander<br \/>\nNuevas formas de vida consagrada: Mons. Francisco Cerro Chaves, Obispo de Coria-C\u00e1ceres<\/p>\n<p align=\"justify\">Adem\u00e1s, Mons. Francisco Cerro y Mons. Eusebio Hern\u00e1ndez ser\u00e1n ponentes en el encuentro dedicado a los nuevos institutos y las nuevas formas de vida consagrada.<\/p>\n<p align=\"justify\">Les acompa\u00f1an:<\/p>\n<p align=\"justify\">D\u00aa. Lourdes Grosso Garc\u00eda, M.Id, Directora del Secretariado de la Comisi\u00f3n Episcopal para la Vida Consagrada y Consultora de la CIVCSVA; forma parte de la organizaci\u00f3n del encuentro de Nuevos Institutos y Nuevas Formas.<\/p>\n<p align=\"justify\">P. Rafael Belda Serra, CVMD, Director del Departamento de Formaci\u00f3n y Publicaciones (Secretariado CEVC), que asistir\u00e1 como Delegado de la CEE para el encuentro internacional del Ordo Virginum<\/p>\n","protected":false},"excerpt":{"rendered":"<p>Todos los obispos espa\u00f1oles de Vida Consagrada en Roma en la clausura del A\u00f1o de la Vida Consagrada Todos los Obispos miembros de la Comisi\u00f3n Episcopal para la Vida Consagrada (CEVC) est\u00e1n participando en la clausura del A\u00f1o de la Vida Consagrada en Roma, como signo de comuni\u00f3n con el Santo Padre y aprecio por &hellip; <a href=\"https:\/\/www.biblia.work\/sermones\/todos-los-obispos-espanoles-de-vida-consagrada-en-roma-en-la-clausura-del-ano-de-la-vida-consagrada\/\" class=\"more-link\">Continuar leyendo<span class=\"screen-reader-text\"> \u00abTodos los obispos espa\u00f1oles de Vida Consagrada en Roma en la clausura del A\u00f1o de la Vida Consagrada\u00bb<\/span><\/a><\/p>\n","protected":false},"author":1,"featured_media":0,"comment_status":"open","ping_status":"closed","sticky":false,"template":"","format":"standard","meta":{"footnotes":""},"categories":[1],"tags":[],"class_list":["post-36827","post","type-post","status-publish","format-standard","hentry","category-general"],"_links":{"self":[{"href":"https:\/\/www.biblia.work\/sermones\/wp-json\/wp\/v2\/posts\/36827","targetHints":{"allow":["GET"]}}],"collection":[{"href":"https:\/\/www.biblia.work\/sermones\/wp-json\/wp\/v2\/posts"}],"about":[{"href":"https:\/\/www.biblia.work\/sermones\/wp-json\/wp\/v2\/types\/post"}],"author":[{"embeddable":true,"href":"https:\/\/www.biblia.work\/sermones\/wp-json\/wp\/v2\/users\/1"}],"replies":[{"embeddable":true,"href":"https:\/\/www.biblia.work\/sermones\/wp-json\/wp\/v2\/comments?post=36827"}],"version-history":[{"count":0,"href":"https:\/\/www.biblia.work\/sermones\/wp-json\/wp\/v2\/posts\/36827\/revisions"}],"wp:attachment":[{"href":"https:\/\/www.biblia.work\/sermones\/wp-json\/wp\/v2\/media?parent=36827"}],"wp:term":[{"taxonomy":"category","embeddable":true,"href":"https:\/\/www.biblia.work\/sermones\/wp-json\/wp\/v2\/categories?post=36827"},{"taxonomy":"post_tag","embeddable":true,"href":"https:\/\/www.biblia.work\/sermones\/wp-json\/wp\/v2\/tags?post=36827"}],"curies":[{"name":"wp","href":"https:\/\/api.w.org\/{rel}","templated":true}]}}