{"id":36829,"date":"2016-06-21T10:32:22","date_gmt":"2016-06-21T15:32:22","guid":{"rendered":"http:\/\/www.biblia.work\/sermones\/el-papa-participara-en-la-conmemoracion-del-aniversario-de-la-reforma\/"},"modified":"2016-06-21T10:32:22","modified_gmt":"2016-06-21T15:32:22","slug":"el-papa-participara-en-la-conmemoracion-del-aniversario-de-la-reforma","status":"publish","type":"post","link":"https:\/\/www.biblia.work\/sermones\/el-papa-participara-en-la-conmemoracion-del-aniversario-de-la-reforma\/","title":{"rendered":"El Papa participar\u00e1 en la conmemoraci\u00f3n del aniversario de la Reforma"},"content":{"rendered":"<p style=\"text-align: justify;\"><strong>Comunicado de la Oficina de Prensa de la Santa Sede: El Papa participar\u00e1 en la conmemoraci\u00f3n del aniversario de la Reforma, el 31 de octubre de 2016<br \/>\n<\/strong><\/p>\n<p style=\"text-align: justify;\">La Oficina de Prensa de la Santa Sede informa hoy de que Su Santidad Francisco tiene la intenci\u00f3n de tomar parte en una <strong>ceremonia conjunta entre la Iglesia Cat\u00f3lica y la Federaci\u00f3n Luterana Mundial<\/strong> para conmemorar el <strong>500 aniversario de la Reforma<\/strong>, en programa en Lund (Suecia) <strong>el 31 de octubre de 2016.<\/strong><\/p>\n<p style=\"text-align: justify;\">\u00a0C<strong>onmemoraci\u00f3n conjunta de la Reforma<\/strong><\/p>\n<p style=\"text-align: justify;\">Ciudad del Vaticano, 25 de enero 2016 (Vis).-El <strong>Papa Francisco, el obispo Munib A. Younan<\/strong> y el <strong>reverendo Martin Junge, respectivamente Presidente y Secretario General de la Federaci\u00f3n Luterana Mundial,<\/strong> presidir\u00e1n una <strong>conmemoraci\u00f3n ecum\u00e9nica conjunta de la Reforma el 31 de octubre en Lund (Suecia)<\/strong>, anuncian hoy en un comunicado la Federci\u00f3n Luterana Mundial (FLM) y el Pontificio Consejo para la Promoci\u00f3n de la Unidad de los Cristianos (PCPUC).<\/p>\n<p style=\"text-align: justify;\">Esa conmemoraci\u00f3n, en vita del 500 aniversario de la Reforma de Lutero, en 2017, resaltar\u00e1 los s\u00f3lidos progresos ecum\u00e9nicos entre cat\u00f3licos y luteranos y los dones rec\u00edprocos surgidos del di\u00e1logo. Del evento forma parte una celebraci\u00f3n co\u00fan basada en la gu\u00eda lit\u00fargica cat\u00f3lico-luterana &#8221;Common Prayer&#8221; (Oraci\u00f3n com\u00fan), publicada recientemente.<\/p>\n<p style=\"text-align: justify;\">\u00a0&#8221;La Federaci\u00f3n Luterana Mundial se prepara a conmemorar el aniversario de la Reforma con un esp\u00edritu de responsabilidad ecum\u00e9nica. Estoy profundamente convencido de que trabajando por la reconciliaci\u00f3n entre luteranos y cat\u00f3licos, trabajamos por la justicia, la paz y la reconciliaci\u00f3n en un mundo desgarrado por los conflictos y la violencia&#8221;, ha declarado el Secretario General de la FLM, Rev. Martin Junge&#8221;.<\/p>\n<p style=\"text-align: justify;\">Por su parte el cardenal Kurt Koch, Presidente del Pontificio Consejo para la Promoci\u00f3n de la Unidad de los Cristianos agrega: &#8221;Concentr\u00e1ndonos en la centralidad de la cuesti\u00f3n de Dios y en un enfoque cristoc\u00e9ntrico, los luteranos y los cat\u00f3licos podremos celebrar una conmemoraci\u00f3n ecum\u00e9nica de la reforma, no simplemente pragm\u00e1tica, sino con un profundo sentido de la fe en Cristo crucificado y resucitado&#8221;.<\/p>\n<p style=\"text-align: justify;\">El acontecimiento de Lund se enmarca en el proceso de recepci\u00f3n del documento de estudio &#8221;From Conflict to Comunion&#8221; (Del conflicto a la comuni\u00f3n) publicado en 2013, que desde entonces ha sido ampliamente distribuido entre las comunidades cat\u00f3licas y luteranas. El documento es el primer intento, por ambas partes, de describir juntos a nivel internacional la historia de la Reforma y de sus intenciones.<\/p>\n<p style=\"text-align: justify;\">A principios de este a\u00f1o, la FLM y el PCPUC enviaron a las iglesias miembros de la Federaci\u00f3n Luterana Mundial y a las conferencias episcopales cat\u00f3licas una Oraci\u00f3n Com\u00fan elaborada conjuntamente, que es una gu\u00eda lit\u00fargica para ayudar a las iglesias a conmemorar juntas el aniversario de la Reforma. Se basa en el documento de estudio &#8221;Del conflicto a la comuni\u00f3n: Conmemoraci\u00f3n luterano- cat\u00f3lica com\u00fan de la Reforma en 2017&#8221; y presenta los temas de la acci\u00f3n de gracias, del arrepentimiento y del compromiso de testimonio com\u00fan, con el fin de expresar los dones de la Reforma y pedir perd\u00f3n por las divisiones que siguieron a las disputas teol\u00f3gicas&#8221;.<\/p>\n<p style=\"text-align: justify;\">El a\u00f1o 2017 coincidir\u00e1 tambi\u00e9n con el 50 aniversario del di\u00e1logo internacional luterano-cat\u00f3lico, que ha dado importantes resultados ecum\u00e9nicos, entre los cuales el m\u00e1s significativo es la Declaraci\u00f3n conjunta sobre la Doctrina de la Justificaci\u00f3n (DCDJ). La DCDJ fue firmada por la Federaci\u00f3n Luterana Mundial y la Iglesia Cat\u00f3lica en 1999 y acogida por el Consejo Metodista Mundial en 2006. La Declaraci\u00f3n anul\u00f3 disputas centenarias entre cat\u00f3licos y luteranos sobre las verdades fundamentales de la doctrina de la justificaci\u00f3n, que estaba en el centro de la Reforma en el siglo XVI.<\/p>\n<p style=\"text-align: justify;\">Foto: El Papa en su reciente visita a la Iglesia luterana de Roma &#8211; REUTERS<\/p>\n<p style=\"text-align: justify;\">\u00a0Ciudad del Vaticano, 25 enero 2016 (VIS).-<\/p>\n","protected":false},"excerpt":{"rendered":"<p>Comunicado de la Oficina de Prensa de la Santa Sede: El Papa participar\u00e1 en la conmemoraci\u00f3n del aniversario de la Reforma, el 31 de octubre de 2016 La Oficina de Prensa de la Santa Sede informa hoy de que Su Santidad Francisco tiene la intenci\u00f3n de tomar parte en una ceremonia conjunta entre la Iglesia &hellip; <a href=\"https:\/\/www.biblia.work\/sermones\/el-papa-participara-en-la-conmemoracion-del-aniversario-de-la-reforma\/\" class=\"more-link\">Continuar leyendo<span class=\"screen-reader-text\"> \u00abEl Papa participar\u00e1 en la conmemoraci\u00f3n del aniversario de la Reforma\u00bb<\/span><\/a><\/p>\n","protected":false},"author":1,"featured_media":0,"comment_status":"open","ping_status":"closed","sticky":false,"template":"","format":"standard","meta":{"footnotes":""},"categories":[1],"tags":[],"class_list":["post-36829","post","type-post","status-publish","format-standard","hentry","category-general"],"_links":{"self":[{"href":"https:\/\/www.biblia.work\/sermones\/wp-json\/wp\/v2\/posts\/36829","targetHints":{"allow":["GET"]}}],"collection":[{"href":"https:\/\/www.biblia.work\/sermones\/wp-json\/wp\/v2\/posts"}],"about":[{"href":"https:\/\/www.biblia.work\/sermones\/wp-json\/wp\/v2\/types\/post"}],"author":[{"embeddable":true,"href":"https:\/\/www.biblia.work\/sermones\/wp-json\/wp\/v2\/users\/1"}],"replies":[{"embeddable":true,"href":"https:\/\/www.biblia.work\/sermones\/wp-json\/wp\/v2\/comments?post=36829"}],"version-history":[{"count":0,"href":"https:\/\/www.biblia.work\/sermones\/wp-json\/wp\/v2\/posts\/36829\/revisions"}],"wp:attachment":[{"href":"https:\/\/www.biblia.work\/sermones\/wp-json\/wp\/v2\/media?parent=36829"}],"wp:term":[{"taxonomy":"category","embeddable":true,"href":"https:\/\/www.biblia.work\/sermones\/wp-json\/wp\/v2\/categories?post=36829"},{"taxonomy":"post_tag","embeddable":true,"href":"https:\/\/www.biblia.work\/sermones\/wp-json\/wp\/v2\/tags?post=36829"}],"curies":[{"name":"wp","href":"https:\/\/api.w.org\/{rel}","templated":true}]}}