{"id":36830,"date":"2016-06-21T10:32:26","date_gmt":"2016-06-21T15:32:26","guid":{"rendered":"http:\/\/www.biblia.work\/sermones\/previsiones-en-la-santa-sede-en-la-semana-del-26-de-enero-al-1-de-febrero\/"},"modified":"2016-06-21T10:32:26","modified_gmt":"2016-06-21T15:32:26","slug":"previsiones-en-la-santa-sede-en-la-semana-del-26-de-enero-al-1-de-febrero","status":"publish","type":"post","link":"https:\/\/www.biblia.work\/sermones\/previsiones-en-la-santa-sede-en-la-semana-del-26-de-enero-al-1-de-febrero\/","title":{"rendered":"Previsiones en la Santa Sede en la semana del 26 de enero al 1 de febrero"},"content":{"rendered":"<p style=\"text-align: justify;\"><strong>Previsiones en la Santa Sede en la semana del 26 de enero al 1 de febrero<\/strong><\/p>\n<p style=\"text-align: justify;\">\u00a0(RV).- El <strong>martes 26 de enero<\/strong> en la Sala de Prensa de la Santa Sede, a las 11,30, se presentar\u00e1 el <strong>Mensaje del Papa Francisco para la Cuaresma<\/strong> de este a\u00f1o sobre el tema: \u201cMisericordia quiero y no sacrificios (Mt 9, 13). Las obras de misericordia en el camino jubilar\u201d.<\/p>\n<p style=\"text-align: justify;\">\u00a0Intervendr\u00e1n en la presentaci\u00f3n el <strong>Cardenal Francesco Montenegro, Arzobispo de Agrigento y miembro del Consejo Pontificio \u201cCor Unum\u201d<\/strong> con Monse\u00f1or G<strong>iampietro Dal Toso y Monse\u00f1or Segundo Tejado Mu\u00f1oz<\/strong>, respectivamente Secretario y Subsecretario del mencionado Dicasterio.<\/p>\n<p style=\"text-align: justify;\">\u00a0Del <strong>26 al 28 de enero en Roma, en el \u00e1mbito del Jubileo de la Misericordia,<\/strong> en la sede de la Direcci\u00f3n general de la Asociaci\u00f3n de los Silenciosos Obreros de la Cruz, se celebrar\u00e1 el <strong>congreso<\/strong> titulado: \u201cLa misericordia: Dios se mueve con compasi\u00f3n\u201d. El momento culminante de este encuentro tendr\u00e1 lugar el <strong>mi\u00e9rcoles 27<\/strong> en que asistir\u00e1n a la audiencia general del Papa Francisco y, por la tarde, a las 17.30, participar\u00e1n en la celebraci\u00f3n eucar\u00edstica que presidir\u00e1 Monse\u00f1or Angelo Becciu, Sustituto de la Secretar\u00eda de Estado, en la iglesia de Santa Mar\u00eda del Sufragio, donde se encuentra la tumba del beato Luigi Novarese, Fundador de esta Asociaci\u00f3n.<\/p>\n<p style=\"text-align: justify;\">\u00a0El <strong>mi\u00e9rcoles 27 de enero<\/strong>, el Papa Francisco celebrar\u00e1 a partir de las 10.00 en la Plaza de San Pedro su acostumbrada Audiencia General, ante la presencia de varios miles de fieles y peregrinos deseosos de escuchar su catequesis semanal y de recibir su Bendici\u00f3n Apost\u00f3lica.<\/p>\n<p style=\"text-align: justify;\">\u00a0Asimismo, en el \u00e1mbito de los llamados <strong>\u201cmi\u00e9rcoles culturares\u201d<\/strong> de la Pontificia Parroquia de Santa Ana en la Ciudad del Vaticano, tendr\u00e1 lugar a las 18.00, en la Sala del Buen Consejo, el encuentro titulado \u201c1915: la historia de los armenios\u201d a cargo de la Profesora Gianna Guerra Suppa.<\/p>\n<p style=\"text-align: justify;\">\u00a0Ese mismo d\u00eda se celebrar\u00e1 la <strong>Jornada internacional de conmemoraci\u00f3n, en memoria de las v\u00edctimas del Holocausto<\/strong>, que fue adoptada en el a\u00f1o 2005 por las Naciones Unidas. Y en Italia el \u201cD\u00eda de la memoria\u201d fue instituido en el a\u00f1o 2000 por el Parlamento, a fin de recordar la Shoah, las leyes raciales, la persecuci\u00f3n de los ciudadanos jud\u00edos, y los italianos que sufrieron la deportaci\u00f3n, la prisi\u00f3n y la muerte y quienes se opusieron al proyecto de exterminio salvando numerosas vidas. La fecha elegida para la conmemoraci\u00f3n del genocidio de los jud\u00edos de Europa corresponde al d\u00eda en que se derribaron las rejas de Auschwitz, el 27 de enero de 1945, hace exactamente 71 a\u00f1os.<\/p>\n<p style=\"text-align: justify;\">\u00a0El <strong>jueves 28 de enero<\/strong>, memoria lit\u00fargica de Santo Tom\u00e1s de Aquino, Doctor de la Iglesia y Patrono de las escuelas cat\u00f3licas a las 11.30, en la Oficina de Prensa de la Santa Sede se presentar\u00e1 el <strong>Mensaje del Santo Padre Francisco para la XXIV Jornada Mundial del Enfermo<\/strong>, que se celebrar\u00e1 en Nazaret el pr\u00f3ximo 11 de febrero. Intervendr\u00e1n en la presentaci\u00f3n Monse\u00f1or Zygmunt Zimowski, Presidente del Consejo Pontificio para los Agentes Sanitarios; con el Secretario y Subsecretario del mencionado Dicasterio y el Padre Pietro Felet, Secretario General de la Asamblea de los Ordinarios Cat\u00f3licos de Tierra Santa y Referente local para la organizaci\u00f3n de esta Jornada Mundial.<\/p>\n<p style=\"text-align: justify;\">Del <strong>28 de enero al 2 de febrero<\/strong> se celebrar\u00e1 la semana conclusiva del <strong>A\u00f1o de la Vida Consagrada<\/strong>. Por esta raz\u00f3n, tendr\u00e1 lugar en Roma un encuentro internacional que reunir\u00e1 a todas las formas de vida consagrada bajo el tema de: \u201cVida consagrada en comuni\u00f3n\u201d. En este evento participar\u00e1n unos seis mil consagrados y consagradas de los cinco continentes.<\/p>\n<p style=\"text-align: justify;\">\u00a0El <strong>viernes 29 de enero<\/strong>, en la Sala de Prensa de la Santa Sede, a las 11.30 se presentar\u00e1, en el \u00e1mbito del A\u00f1o Jubilar, el env\u00edo de los Misioneros de la Misericordia y la traslaci\u00f3n tempor\u00e1nea a Roma de los restos de San P\u00edo de Pietrelcina y de San Leopoldo Mandi\u0107. Intervendr\u00e1n en la presentaci\u00f3n Monse\u00f1or Rino Fisichella, Presidente del Consejo Pontificio para la Promoci\u00f3n de la Nueva Evangelizaci\u00f3n con Monse\u00f1or Bell Graham, Subsecretario del mencionado Consejo.<\/p>\n<p style=\"text-align: justify;\">El <strong>s\u00e1bado 30 de enero<\/strong>, el Papa Francisco celebrar\u00e1 una<strong> Audiencia jubilar<\/strong> en el \u00e1mbito del A\u00f1o Santo Extraordinario de la Misericordia.<\/p>\n<p style=\"text-align: justify;\">\u00a0El <strong>31 de enero, IV Domingo del Tiempo Ordinario<\/strong> y memoria lit\u00fargica de <strong>San Juan Bosco<\/strong>, sacerdote, Fundador de los Salesianos, el Papa Francisco rezar\u00e1 a mediod\u00eda la oraci\u00f3n mariana del \u00c1ngelus con los fieles y peregrinos que se dar\u00e1n cita en la Plaza de San Pedro, deseosos de escuchar su comentario al Evangelio y de recibir su bendici\u00f3n apost\u00f3lica. En esta ocasi\u00f3n participar\u00e1n los chicos y chicas de la Acci\u00f3n Cat\u00f3lica de Roma.<\/p>\n<p style=\"text-align: justify;\">\u00a0En efecto, en el \u00e1mbito de la llamada <strong>\u201cCaravana de la paz 2016\u201d<\/strong>, los j\u00f3venes de la <strong>Acci\u00f3n Cat\u00f3lica de la di\u00f3cesis del Papa<\/strong>, con sus educadores, padres y coet\u00e1neos de las escuelas y de las parroquias de la ciudad trabajar\u00e1n a lo largo del nuevo a\u00f1o sobre el tema: \u201c\u00a1La paz viaja r\u00e1pido!\u201d.<\/p>\n<p style=\"text-align: justify;\">Ese mismo d\u00eda, \u00faltimo domingo de enero, se<strong> celebrar\u00e1 la VIII edici\u00f3n de la Jornada de intercesi\u00f3n por la paz en Tierra Santa<\/strong>: una oraci\u00f3n mundial que llegar\u00e1 a diez mil ciudades del mundo.<\/p>\n<p style=\"text-align: justify;\">\u00a0Del <strong>31 de enero al 6 de febrero se celebrar\u00e1 en EEUU la Semana nacional de las escuelas cat\u00f3licas<\/strong> sobre el tema: \u201cEscuelas cat\u00f3licas: comunidad de fe, conocimiento y servicio\u201d, iniciativa que ha sido organizada por la Conferencia Episcopal estadounidense.<\/p>\n<p style=\"text-align: justify;\">\u00a0Tambi\u00e9n en <strong>Irlanda se celebrar\u00e1 la Semana nacional de las escuelas cat\u00f3licas<\/strong>, en este caso sobre el tema: \u201cEscuelas cat\u00f3licas: desafiadas a anunciar la misericordia de Dios\u201d. Del mismo modo la iniciativa ha sido organizada por la Conferencia Episcopal local.<\/p>\n<p style=\"text-align: justify;\">El <strong>lunes 1 de febrero,<\/strong> el Papa Francisco recibir\u00e1 a mediod\u00eda, en el Aula Pablo VI de la Ciudad del Vaticano,<strong> a los religiosos y religiosas con motivo de la conclusi\u00f3n del A\u00f1o de la Vida Consagrada.<\/strong><\/p>\n<p style=\"text-align: justify;\">(Mar\u00eda Fernanda Bernasconi &#8211; RV).<\/p>\n<p style=\"text-align: justify;\">Foto: \u00a0Numerosos fieles y peregrinos rezan con el Papa en la Plaza de San Pedro a la hora del \u00c1ngelus del segundo domingo del tiempo ordinario &#8211; RV<\/p>\n","protected":false},"excerpt":{"rendered":"<p>Previsiones en la Santa Sede en la semana del 26 de enero al 1 de febrero \u00a0(RV).- El martes 26 de enero en la Sala de Prensa de la Santa Sede, a las 11,30, se presentar\u00e1 el Mensaje del Papa Francisco para la Cuaresma de este a\u00f1o sobre el tema: \u201cMisericordia quiero y no sacrificios &hellip; <a href=\"https:\/\/www.biblia.work\/sermones\/previsiones-en-la-santa-sede-en-la-semana-del-26-de-enero-al-1-de-febrero\/\" class=\"more-link\">Continuar leyendo<span class=\"screen-reader-text\"> \u00abPrevisiones en la Santa Sede en la semana del 26 de enero al 1 de febrero\u00bb<\/span><\/a><\/p>\n","protected":false},"author":1,"featured_media":0,"comment_status":"open","ping_status":"closed","sticky":false,"template":"","format":"standard","meta":{"footnotes":""},"categories":[1],"tags":[],"class_list":["post-36830","post","type-post","status-publish","format-standard","hentry","category-general"],"_links":{"self":[{"href":"https:\/\/www.biblia.work\/sermones\/wp-json\/wp\/v2\/posts\/36830","targetHints":{"allow":["GET"]}}],"collection":[{"href":"https:\/\/www.biblia.work\/sermones\/wp-json\/wp\/v2\/posts"}],"about":[{"href":"https:\/\/www.biblia.work\/sermones\/wp-json\/wp\/v2\/types\/post"}],"author":[{"embeddable":true,"href":"https:\/\/www.biblia.work\/sermones\/wp-json\/wp\/v2\/users\/1"}],"replies":[{"embeddable":true,"href":"https:\/\/www.biblia.work\/sermones\/wp-json\/wp\/v2\/comments?post=36830"}],"version-history":[{"count":0,"href":"https:\/\/www.biblia.work\/sermones\/wp-json\/wp\/v2\/posts\/36830\/revisions"}],"wp:attachment":[{"href":"https:\/\/www.biblia.work\/sermones\/wp-json\/wp\/v2\/media?parent=36830"}],"wp:term":[{"taxonomy":"category","embeddable":true,"href":"https:\/\/www.biblia.work\/sermones\/wp-json\/wp\/v2\/categories?post=36830"},{"taxonomy":"post_tag","embeddable":true,"href":"https:\/\/www.biblia.work\/sermones\/wp-json\/wp\/v2\/tags?post=36830"}],"curies":[{"name":"wp","href":"https:\/\/api.w.org\/{rel}","templated":true}]}}