{"id":36831,"date":"2016-06-21T10:32:33","date_gmt":"2016-06-21T15:32:33","guid":{"rendered":"http:\/\/www.biblia.work\/sermones\/cuatro-nuevos-beatos-martires-espanoles-de-1936-de-origen-asturiano\/"},"modified":"2016-06-21T10:32:33","modified_gmt":"2016-06-21T15:32:33","slug":"cuatro-nuevos-beatos-martires-espanoles-de-1936-de-origen-asturiano","status":"publish","type":"post","link":"https:\/\/www.biblia.work\/sermones\/cuatro-nuevos-beatos-martires-espanoles-de-1936-de-origen-asturiano\/","title":{"rendered":"Cuatro nuevos beatos m\u00e1rtires  espa\u00f1oles de 1936, de origen asturiano"},"content":{"rendered":"<p align=\"justify\"><b>Cuatro nuevos beatos m\u00e1rtires \u00a0espa\u00f1oles\u00a0de 1936, de origen asturiano<\/b><\/p>\n<p align=\"justify\">El papa Francisco tambi\u00e9n firm\u00f3, el 21 de enero,\u00a0<b>el decreto que reconoce el martirio de cuatro espa\u00f1oles durante la Guerra Civil espa\u00f1ola<\/b> (1936-1939) y por lo que ser\u00e1n proclamados beatos.<\/p>\n<p align=\"justify\">A d\u00eda de hoy, de los m\u00e1rtires del siglo XX en Espa\u00f1a,\u00a01.571 est\u00e1n ya en los altares, once como santos.<\/p>\n<p align=\"justify\">Los futuros beatos de la di\u00f3cesis de Oviedo asesinados &#8220;por odio a la fe&#8221; en 1936 son el<b>sacerdote Genaro Fueyo Casta\u00f1\u00f3n<\/b>, que naci\u00f3 el 23 de enero de 1864 en Linares del Puerto.<\/p>\n<p align=\"justify\">Los otros son los <b>laicos<\/b> Antonio Gonz\u00e1lez Alonso, nacido el 11 de abril de 1912 en Nembra; Segundo Alonso Gonz\u00e1lez, nacido en Cabo el 13 de mayo de 1988 e Isidro Fern\u00e1ndez Cordero, nacido el 15 de mayo de 1893 en Murias, Asturias.<\/p>\n<p align=\"justify\">De este mismo periodo hist\u00f3rico,<strong> Fidela Oller<\/strong>, \u00a0<strong>Josefa Monrabal <\/strong>y <strong>Facunda Margenat <\/strong>\u00a0(m\u00e1rtires de las Religiosas de San Jos\u00e9 de Gerona), en\u00a0 Gerona; <strong>P\u00edo Heredia<\/strong> y 15 compa\u00f1eros m\u00e1rtires cistercienses\u00a0 de C\u00f3breces y dos monjas cistercienses de Algemes\u00ed, en Santander; y <strong>Frederic de Berga<\/strong> y 25 compa\u00f1eros capuchinos m\u00e1rtires, en Barcelona, fueron beatificados en 2015.<\/p>\n","protected":false},"excerpt":{"rendered":"<p>Cuatro nuevos beatos m\u00e1rtires \u00a0espa\u00f1oles\u00a0de 1936, de origen asturiano El papa Francisco tambi\u00e9n firm\u00f3, el 21 de enero,\u00a0el decreto que reconoce el martirio de cuatro espa\u00f1oles durante la Guerra Civil espa\u00f1ola (1936-1939) y por lo que ser\u00e1n proclamados beatos. A d\u00eda de hoy, de los m\u00e1rtires del siglo XX en Espa\u00f1a,\u00a01.571 est\u00e1n ya en los &hellip; <a href=\"https:\/\/www.biblia.work\/sermones\/cuatro-nuevos-beatos-martires-espanoles-de-1936-de-origen-asturiano\/\" class=\"more-link\">Continuar leyendo<span class=\"screen-reader-text\"> \u00abCuatro nuevos beatos m\u00e1rtires  espa\u00f1oles de 1936, de origen asturiano\u00bb<\/span><\/a><\/p>\n","protected":false},"author":1,"featured_media":0,"comment_status":"open","ping_status":"closed","sticky":false,"template":"","format":"standard","meta":{"footnotes":""},"categories":[1],"tags":[],"class_list":["post-36831","post","type-post","status-publish","format-standard","hentry","category-general"],"_links":{"self":[{"href":"https:\/\/www.biblia.work\/sermones\/wp-json\/wp\/v2\/posts\/36831","targetHints":{"allow":["GET"]}}],"collection":[{"href":"https:\/\/www.biblia.work\/sermones\/wp-json\/wp\/v2\/posts"}],"about":[{"href":"https:\/\/www.biblia.work\/sermones\/wp-json\/wp\/v2\/types\/post"}],"author":[{"embeddable":true,"href":"https:\/\/www.biblia.work\/sermones\/wp-json\/wp\/v2\/users\/1"}],"replies":[{"embeddable":true,"href":"https:\/\/www.biblia.work\/sermones\/wp-json\/wp\/v2\/comments?post=36831"}],"version-history":[{"count":0,"href":"https:\/\/www.biblia.work\/sermones\/wp-json\/wp\/v2\/posts\/36831\/revisions"}],"wp:attachment":[{"href":"https:\/\/www.biblia.work\/sermones\/wp-json\/wp\/v2\/media?parent=36831"}],"wp:term":[{"taxonomy":"category","embeddable":true,"href":"https:\/\/www.biblia.work\/sermones\/wp-json\/wp\/v2\/categories?post=36831"},{"taxonomy":"post_tag","embeddable":true,"href":"https:\/\/www.biblia.work\/sermones\/wp-json\/wp\/v2\/tags?post=36831"}],"curies":[{"name":"wp","href":"https:\/\/api.w.org\/{rel}","templated":true}]}}