{"id":36832,"date":"2016-06-21T10:32:37","date_gmt":"2016-06-21T15:32:37","guid":{"rendered":"http:\/\/www.biblia.work\/sermones\/el-papa-francisco-dispone-que-no-sean-solo-hombres-los-elegidos-para-el-lavatorio-de-los-pies-en-la-liturgia-del-jueves-santo\/"},"modified":"2016-06-21T10:32:37","modified_gmt":"2016-06-21T15:32:37","slug":"el-papa-francisco-dispone-que-no-sean-solo-hombres-los-elegidos-para-el-lavatorio-de-los-pies-en-la-liturgia-del-jueves-santo","status":"publish","type":"post","link":"https:\/\/www.biblia.work\/sermones\/el-papa-francisco-dispone-que-no-sean-solo-hombres-los-elegidos-para-el-lavatorio-de-los-pies-en-la-liturgia-del-jueves-santo\/","title":{"rendered":"El Papa Francisco dispone que no sean solo hombres los elegidos para el lavatorio de los pies en la Liturgia del Jueves Santo"},"content":{"rendered":"<p align=\"justify\"><strong>El Papa Francisco dispone que no sean solo hombres los elegidos para el lavatorio de los pies en la Liturgia del Jueves Santo<\/strong><\/p>\n<p align=\"justify\">El Santo Padre -con fecha 20 de diciembre de 2015 y publicada hoy- escribi\u00f3 una carta al cardenal Robert Sarah, Prefecto de la Congregaci\u00f3n para el Culto Divino y la Doctrina de los Sacramentos, en la que dispone que a partir de ahora, las personas elegidas para que sus pies sean lavados en la liturgia del Jueves Santo pertenezcan a todo el Pueblo de Dios y no sean solamente hombres o muchachos.<\/p>\n<p align=\"justify\">El Papa escribe al purpurado que desde hace tiempo reflexiona sobre &#8221;el rito del lavatorio de los pies contenido en la Liturgia de la Misa in Coena Domini con el intento de mejorar la modalidad de actuaci\u00f3n para que exprese plenamente el significado del gesto efectuado por Jes\u00fas en el Cen\u00e1culo, su entregarse &#8216;hasta el final&#8217; por la salvaci\u00f3n del mundo, su caridad sin l\u00edmites&#8221;.<\/p>\n<p align=\"justify\">&#8221;Despu\u00e9s de una atenta ponderaci\u00f3n -contin\u00faa- he llegado a la deliberaci\u00f3n de aportar un cambio en las r\u00fabricas del Misal Romano. Dispongo por lo tanto que se modifique la r\u00fabrica en la que las personas elegidas para el lavatorio de los pies deban ser hombres o muchachos, de manera que, a partir de ahora, los Pastores de la Iglesia puedan elegir a los participantes en el rito entre todos los miembros del Pueblo de Dios. Se recomienda, adem\u00e1s, que a los elegidos se les de una explicaci\u00f3n adecuada del rito&#8221;.<\/p>\n<p align=\"justify\">Por su parte, la Congregaci\u00f3n para el Culto Divino y la Doctrina de los Sacramentos -con fecha 6 de enero de 2016, y tambi\u00e9n publicado hoy- ha emanado un decreto sobre dicho rito que publicamos a continuaci\u00f3n.<\/p>\n<p align=\"justify\">&#8221;La reforma de la Semana Santa, con decreto Maxima Redemptionis nostra mysteria (30 de noviembre 1955) otorg\u00f3 la facultad, all\u00ed donde lo aconsejase un motivo pastoral, de efectuar el lavatorio de los pies a doce hombres durante la Misa en la Cena del Se\u00f1or, despu\u00e9s de la lectura del evangelio seg\u00fan san Juan, como para manifestar de forma representativa la humildad y el amor de Cristo hacia sus disc\u00edpulos.<\/p>\n<p align=\"justify\">En la liturgia romana ese rito se transmit\u00eda con el nombre de Mandatum del Se\u00f1or sobre la caridad fraterna seg\u00fan las palabras de Jes\u00fas (cfr Jn 13,34) cantadas en la ant\u00edfona durante la celebraci\u00f3n.<\/p>\n<p align=\"justify\">Al cumplir ese rito, los obispos y sacerdotes est\u00e1n invitados a conformarse profundamente a Cristo que &#8221;no vino para ser servido, sino para servir&#8221; (Mat, 20, 28) y empujado por un amor &#8221;hasta el final&#8221; (Jn 13,1), a dar su vida por la salvaci\u00f3n de todo el g\u00e9nero humano.<\/p>\n<p align=\"justify\">Para manifestar este significado pleno del rito a cuantos participan en \u00e9l, el Sumo Pont\u00edfice Francisco ha considerado oportuno cambiar la norma que se lee en las r\u00fabricas del Missale Romanun (p. 300 n.11) &#8221;Los hombres elegidos son acompa\u00f1ados por los ministros&#8221;.. que debe variar como sigue: &#8221;Los elegidos entre el Pueblo de Dios son acompa\u00f1ados por los ministros&#8221; ..(y, en consecuencia, en el Caeremoniale Episcoporum n.301 y n.229 b &#8221;las sillas para los designados&#8221;) de modo que los pastores puedan elegir a un grupo de fieles que represente la variedad y la unidad de cada porci\u00f3n del pueblo de Dios. Ese grupo puede estar formado por hombres y mujeres y, convenientemente, por j\u00f3venes y ancianos, sanos y enfermos, cl\u00e9rigos, consagrados, laicos.<\/p>\n<p align=\"justify\">Esta Congregaci\u00f3n para el Culto Divino y la Doctrina de los Sacramentos, en vigor de las facultades concedidas por el Sumo Pont\u00edfice, introduce esa innovaci\u00f3n en los libros lit\u00fargicos del Rito Romano, recordando a los pastores su tarea de instruir adecuadamente tanto a los fieles elegidos como a los dem\u00e1s, para que participen en el rito responsable, activa y fructuosamente&#8221;.<\/p>\n<p align=\"justify\">Ciudad del Vaticano, 21 de enero 2016 (Vis).-<\/p>\n","protected":false},"excerpt":{"rendered":"<p>El Papa Francisco dispone que no sean solo hombres los elegidos para el lavatorio de los pies en la Liturgia del Jueves Santo El Santo Padre -con fecha 20 de diciembre de 2015 y publicada hoy- escribi\u00f3 una carta al cardenal Robert Sarah, Prefecto de la Congregaci\u00f3n para el Culto Divino y la Doctrina de &hellip; <a href=\"https:\/\/www.biblia.work\/sermones\/el-papa-francisco-dispone-que-no-sean-solo-hombres-los-elegidos-para-el-lavatorio-de-los-pies-en-la-liturgia-del-jueves-santo\/\" class=\"more-link\">Continuar leyendo<span class=\"screen-reader-text\"> \u00abEl Papa Francisco dispone que no sean solo hombres los elegidos para el lavatorio de los pies en la Liturgia del Jueves Santo\u00bb<\/span><\/a><\/p>\n","protected":false},"author":1,"featured_media":0,"comment_status":"open","ping_status":"closed","sticky":false,"template":"","format":"standard","meta":{"footnotes":""},"categories":[1],"tags":[],"class_list":["post-36832","post","type-post","status-publish","format-standard","hentry","category-general"],"_links":{"self":[{"href":"https:\/\/www.biblia.work\/sermones\/wp-json\/wp\/v2\/posts\/36832","targetHints":{"allow":["GET"]}}],"collection":[{"href":"https:\/\/www.biblia.work\/sermones\/wp-json\/wp\/v2\/posts"}],"about":[{"href":"https:\/\/www.biblia.work\/sermones\/wp-json\/wp\/v2\/types\/post"}],"author":[{"embeddable":true,"href":"https:\/\/www.biblia.work\/sermones\/wp-json\/wp\/v2\/users\/1"}],"replies":[{"embeddable":true,"href":"https:\/\/www.biblia.work\/sermones\/wp-json\/wp\/v2\/comments?post=36832"}],"version-history":[{"count":0,"href":"https:\/\/www.biblia.work\/sermones\/wp-json\/wp\/v2\/posts\/36832\/revisions"}],"wp:attachment":[{"href":"https:\/\/www.biblia.work\/sermones\/wp-json\/wp\/v2\/media?parent=36832"}],"wp:term":[{"taxonomy":"category","embeddable":true,"href":"https:\/\/www.biblia.work\/sermones\/wp-json\/wp\/v2\/categories?post=36832"},{"taxonomy":"post_tag","embeddable":true,"href":"https:\/\/www.biblia.work\/sermones\/wp-json\/wp\/v2\/tags?post=36832"}],"curies":[{"name":"wp","href":"https:\/\/api.w.org\/{rel}","templated":true}]}}