{"id":36833,"date":"2016-06-21T10:32:41","date_gmt":"2016-06-21T15:32:41","guid":{"rendered":"http:\/\/www.biblia.work\/sermones\/clausura-del-ano-de-la-vida-consagrada\/"},"modified":"2016-06-21T10:32:41","modified_gmt":"2016-06-21T15:32:41","slug":"clausura-del-ano-de-la-vida-consagrada","status":"publish","type":"post","link":"https:\/\/www.biblia.work\/sermones\/clausura-del-ano-de-la-vida-consagrada\/","title":{"rendered":"Clausura del A\u00f1o de la Vida Consagrada"},"content":{"rendered":"<p style=\"text-align: justify;\"><strong>Clausura del A\u00f1o de la Vida Consagrada<\/strong><\/p>\n<p align=\"justify\">La Congregaci\u00f3n para los <strong>Institutos de Vida Consagrada y las Sociedades de Vida Apost\u00f3lica (CIVCSVA)<\/strong> informa de los inminentes eventos de clausura del A\u00f1o de la Vida Consagrada en los que participar\u00e1n, del 28 de enero al 2 de febrero en Roma, m\u00e1s de 4.000 consagrados y consagradas de todo el mundo.<\/p>\n<p align=\"justify\">Bajo el lema &#8221;Vida consagrada en comuni\u00f3n. El fundamento com\u00fan en la variedad de las formas&#8221;, se alternar\u00e1n en esas fechas jornadas de encuentro, vigilias de oraci\u00f3n, momentos para profundizar la especificidad de cada forma &#8221;con una mirada prof\u00e9tica hacia el futuro&#8221;, dice el comunicado emitido por la CIVCSVA.<\/p>\n<p align=\"justify\">Los objetivos del encuentro son conocer mejor el gran mosaico de la vida consagrada, vivir la comuni\u00f3n redescubriendo la \u00fanica llamada en la variedad de las formas (Ordo Virginum, vida mon\u00e1stica, Institutos apost\u00f3licos, Institutos seculares, nuevos Institutos y nuevas formas de vida consagrada), comenzar juntos el camino en el gran Jubileo de la Misericordia que consigna una vez m\u00e1s a todos los consagrados el mandato espec\u00edfico de su vocaci\u00f3n: ser rostro de la misericordia del Padre, testigos y constructores de una fraternidad vivida con autenticidad.<\/p>\n<p align=\"justify\">El primer evento tendr\u00e1 lugar el 28 de enero, una vigilia en la bas\u00edlica de San Pedro presidida por el arzobispo Jos\u00e9 Rodriguez Carballo, Secretario de la (CIVCSVA) en la que participar\u00e1 el cardenal Joao Braz De Aviz, Prefecto de la Congregaci\u00f3n. El 29 de enero todos los consagrados y consagradas se reunir\u00e1n en el Aula Pablo VI, mientras los d\u00edas 30 y 31, en cinco lugares de Roma, cada forma de vida consagrada se encontrar\u00e1 para profundizar en algunos aspectos espec\u00edficos de su vocaci\u00f3n para encontrarse nuevamente el 1 de febrero en el aula Pablo VI donde el Santo Padre les recibir\u00e1 en audiencia y asistir al Oratorio &#8221;Tras las huellas de la belleza&#8221; dirigido por mons. Marco Frisina.<\/p>\n<p align=\"justify\">El encuentro finalizar\u00e1 el 2 de febrero con la peregrinaci\u00f3n jubilar matutina y con la celebraci\u00f3n eucar\u00edstica vespertina para la XX Jornada Mundial de la Vida Consagrada presidida por el Papa Francisco.<\/p>\n<p style=\"text-align: justify;\">Ciudad del Vaticano, 21 de enero 2016 (Vis).-<\/p>\n","protected":false},"excerpt":{"rendered":"<p>Clausura del A\u00f1o de la Vida Consagrada La Congregaci\u00f3n para los Institutos de Vida Consagrada y las Sociedades de Vida Apost\u00f3lica (CIVCSVA) informa de los inminentes eventos de clausura del A\u00f1o de la Vida Consagrada en los que participar\u00e1n, del 28 de enero al 2 de febrero en Roma, m\u00e1s de 4.000 consagrados y consagradas &hellip; <a href=\"https:\/\/www.biblia.work\/sermones\/clausura-del-ano-de-la-vida-consagrada\/\" class=\"more-link\">Continuar leyendo<span class=\"screen-reader-text\"> \u00abClausura del A\u00f1o de la Vida Consagrada\u00bb<\/span><\/a><\/p>\n","protected":false},"author":1,"featured_media":0,"comment_status":"open","ping_status":"closed","sticky":false,"template":"","format":"standard","meta":{"footnotes":""},"categories":[1],"tags":[],"class_list":["post-36833","post","type-post","status-publish","format-standard","hentry","category-general"],"_links":{"self":[{"href":"https:\/\/www.biblia.work\/sermones\/wp-json\/wp\/v2\/posts\/36833","targetHints":{"allow":["GET"]}}],"collection":[{"href":"https:\/\/www.biblia.work\/sermones\/wp-json\/wp\/v2\/posts"}],"about":[{"href":"https:\/\/www.biblia.work\/sermones\/wp-json\/wp\/v2\/types\/post"}],"author":[{"embeddable":true,"href":"https:\/\/www.biblia.work\/sermones\/wp-json\/wp\/v2\/users\/1"}],"replies":[{"embeddable":true,"href":"https:\/\/www.biblia.work\/sermones\/wp-json\/wp\/v2\/comments?post=36833"}],"version-history":[{"count":0,"href":"https:\/\/www.biblia.work\/sermones\/wp-json\/wp\/v2\/posts\/36833\/revisions"}],"wp:attachment":[{"href":"https:\/\/www.biblia.work\/sermones\/wp-json\/wp\/v2\/media?parent=36833"}],"wp:term":[{"taxonomy":"category","embeddable":true,"href":"https:\/\/www.biblia.work\/sermones\/wp-json\/wp\/v2\/categories?post=36833"},{"taxonomy":"post_tag","embeddable":true,"href":"https:\/\/www.biblia.work\/sermones\/wp-json\/wp\/v2\/tags?post=36833"}],"curies":[{"name":"wp","href":"https:\/\/api.w.org\/{rel}","templated":true}]}}