{"id":36834,"date":"2016-06-21T10:32:45","date_gmt":"2016-06-21T15:32:45","guid":{"rendered":"http:\/\/www.biblia.work\/sermones\/comentarios-a-radio-vaticana-de-peregrinos-en-la-audiencia-de-hoy-miercoles-20-de-enero-de-2016\/"},"modified":"2016-06-21T10:32:45","modified_gmt":"2016-06-21T15:32:45","slug":"comentarios-a-radio-vaticana-de-peregrinos-en-la-audiencia-de-hoy-miercoles-20-de-enero-de-2016","status":"publish","type":"post","link":"https:\/\/www.biblia.work\/sermones\/comentarios-a-radio-vaticana-de-peregrinos-en-la-audiencia-de-hoy-miercoles-20-de-enero-de-2016\/","title":{"rendered":"Comentarios a Radio Vaticana de peregrinos en la audiencia de hoy mi\u00e9rcoles 20 de enero de 2016"},"content":{"rendered":"<p style=\"text-align: justify;\"><strong>Comentarios a Radio Vaticana de peregrinos en la audiencia de hoy mi\u00e9rcoles 20 de enero de 2016<\/strong><\/p>\n<p style=\"text-align: justify;\"><strong>Cristianos: &#8220;La fe en el mismo Se\u00f1or nos une&#8221;<\/strong><\/p>\n<p style=\"text-align: justify;\">(RV).- Del 18 al 25 de enero se celebra la <strong>Semana de Oraci\u00f3n por la Unidad de los Cristianos<\/strong>. Sobre su importancia <strong>habl\u00f3 el Papa Francisco durante la Audiencia General<\/strong> del tercer mi\u00e9rcoles de enero y record\u00f3 que \u201cestamos llamados a redescubrir nuestro bautismo, y a hacerlo juntos todos los cristianos, cat\u00f3licos, protestantes y ortodoxos, dejando atr\u00e1s lo que nos divide\u201d.<\/p>\n<p style=\"text-align: justify;\">Sobre ello hablan peregrinos en la Plaza de San Pedro \u201cno hay mejor manera de amar a Dios que amar al pr\u00f3jimos\u201d, \u201ccon el Bautismo llevamos todos por siempre a Dios en nuestro coraz\u00f3n\u201d, \u201ccada vez nos vamos acercando m\u00e1s a la unidad, la fe en el mismo Se\u00f1or nos une, la buena voluntad nos unir\u00e1 de nuevo\u201d, \u201cdebemos insistir en aquello que nos une como el bautismo y el amor a Cristo\u201d, \u201cLa unidad nos hace m\u00e1s fuertes\u201d, son algunos de sus comentarios.<\/p>\n<p style=\"text-align: justify;\">Adem\u00e1s encontramos en el Aula Pablo VI, donde se celebr\u00f3 la Audiencia General a directores espirituales de seminarios que Espa\u00f1a que han llegado a Roma para celebrar el <strong>II Encuentro con directores espirituales de Seminarios de Espa\u00f1a<\/strong>, organizado por la Comisi\u00f3n Episcopal de Seminarios y Universidades de la Conferencia Episcopal Espa\u00f1ola, la Congregaci\u00f3n para el Clero y el Pontificio Colegio Espa\u00f1ol de San Jos\u00e9. Los principales objetivos son poner las bases para un mejor conocimiento de la persona humana, espiritual y relacional del candidato; Promover la sincera confianza y apertura entre director espiritual y seminarista y buscar la unidad de vida para una misi\u00f3n entregada y sincera. Sobre ello nos hablan los protagonistas de este encuentro que se celebra en del 18 al 23 de este mes.<\/p>\n<p style=\"text-align: justify;\">\u00a0La Voz de los Fieles que acompa\u00f1an al Papa &#8211; Radio Vaticana<\/p>\n","protected":false},"excerpt":{"rendered":"<p>Comentarios a Radio Vaticana de peregrinos en la audiencia de hoy mi\u00e9rcoles 20 de enero de 2016 Cristianos: &#8220;La fe en el mismo Se\u00f1or nos une&#8221; (RV).- Del 18 al 25 de enero se celebra la Semana de Oraci\u00f3n por la Unidad de los Cristianos. Sobre su importancia habl\u00f3 el Papa Francisco durante la Audiencia &hellip; <a href=\"https:\/\/www.biblia.work\/sermones\/comentarios-a-radio-vaticana-de-peregrinos-en-la-audiencia-de-hoy-miercoles-20-de-enero-de-2016\/\" class=\"more-link\">Continuar leyendo<span class=\"screen-reader-text\"> \u00abComentarios a Radio Vaticana de peregrinos en la audiencia de hoy mi\u00e9rcoles 20 de enero de 2016\u00bb<\/span><\/a><\/p>\n","protected":false},"author":1,"featured_media":0,"comment_status":"open","ping_status":"closed","sticky":false,"template":"","format":"standard","meta":{"footnotes":""},"categories":[1],"tags":[],"class_list":["post-36834","post","type-post","status-publish","format-standard","hentry","category-general"],"_links":{"self":[{"href":"https:\/\/www.biblia.work\/sermones\/wp-json\/wp\/v2\/posts\/36834","targetHints":{"allow":["GET"]}}],"collection":[{"href":"https:\/\/www.biblia.work\/sermones\/wp-json\/wp\/v2\/posts"}],"about":[{"href":"https:\/\/www.biblia.work\/sermones\/wp-json\/wp\/v2\/types\/post"}],"author":[{"embeddable":true,"href":"https:\/\/www.biblia.work\/sermones\/wp-json\/wp\/v2\/users\/1"}],"replies":[{"embeddable":true,"href":"https:\/\/www.biblia.work\/sermones\/wp-json\/wp\/v2\/comments?post=36834"}],"version-history":[{"count":0,"href":"https:\/\/www.biblia.work\/sermones\/wp-json\/wp\/v2\/posts\/36834\/revisions"}],"wp:attachment":[{"href":"https:\/\/www.biblia.work\/sermones\/wp-json\/wp\/v2\/media?parent=36834"}],"wp:term":[{"taxonomy":"category","embeddable":true,"href":"https:\/\/www.biblia.work\/sermones\/wp-json\/wp\/v2\/categories?post=36834"},{"taxonomy":"post_tag","embeddable":true,"href":"https:\/\/www.biblia.work\/sermones\/wp-json\/wp\/v2\/tags?post=36834"}],"curies":[{"name":"wp","href":"https:\/\/api.w.org\/{rel}","templated":true}]}}