{"id":36837,"date":"2016-06-21T10:33:03","date_gmt":"2016-06-21T15:33:03","guid":{"rendered":"http:\/\/www.biblia.work\/sermones\/previsiones-de-la-semana-del-19-al-25-de-enero-en-la-santa-sede\/"},"modified":"2016-06-21T10:33:03","modified_gmt":"2016-06-21T15:33:03","slug":"previsiones-de-la-semana-del-19-al-25-de-enero-en-la-santa-sede","status":"publish","type":"post","link":"https:\/\/www.biblia.work\/sermones\/previsiones-de-la-semana-del-19-al-25-de-enero-en-la-santa-sede\/","title":{"rendered":"Previsiones de la semana del 19 al 25 de enero en la Santa Sede"},"content":{"rendered":"<p style=\"text-align: justify;\"><strong>Previsiones de la semana del 19 al 25 de enero en la Santa Sede<\/strong><\/p>\n<p style=\"text-align: justify;\">Foto: La Plaza de San Pedro a la hora del \u00c1ngelus del segundo domingo del tiempo ordinario &#8211; REUTERS<\/p>\n<p style=\"text-align: justify;\">(RV).- El <strong>martes 19 de enero, memoria lit\u00fargica de San Fabi\u00e1n,<\/strong> Papa y m\u00e1rtir las Iglesias que siguen el calendario juliano celebrar\u00e1n la Epifan\u00eda del Se\u00f1or.<\/p>\n<p style=\"text-align: justify;\">\u00a0A partir de ese d\u00eda y hasta el 21 de enero, en el \u00e1mbito del Jubileo Extraordinario de la Misericordia, se celebrar\u00e1 el <strong>Encuentro internacional de los operadores de las peregrinaciones, p\u00e1rrocos, rectores y agentes de los Santuarios, que ha sido organizado por la Obra Romana de Peregrinaciones, sobre el tema \u201cParroquias y Santuarios: lugares de Misericordia<\/strong>\u201d.<\/p>\n<p style=\"text-align: justify;\">\u00a0El <strong>mi\u00e9rcoles 20 de enero<\/strong> el Papa Francisco celebrar\u00e1 a partir de las 10.00 en la Plaza de San Pedro su acostumbrada <strong>Audiencia General<\/strong>, ante la presencia de varios miles de fieles y peregrinos deseosos de escuchar su catequesis semanal y de recibir su Bendici\u00f3n Apost\u00f3lica.<\/p>\n<p style=\"text-align: justify;\">Ese mismo d\u00eda, en el \u00e1mbito de los llamados <strong>\u201cmi\u00e9rcoles culturares\u201d<\/strong> de la Pontificia Parroquia de Santa Ana en la Ciudad del Vaticano, tendr\u00e1 lugar a las 18.00, un encuentro sobre el <strong>sentido de la vida en la etimolog\u00eda de las palabras, a cargo de la profesora Luisa Gorlani.<\/strong><\/p>\n<p style=\"text-align: justify;\">El<strong> jueves 21 de enero,<\/strong> el Santo Padre Francisco recibir\u00e1 a mediod\u00eda, en el Aula Pablo VI del Vaticano, a los participantes en el<strong> Jubileo de los Agentes Sanitarios.<\/strong><\/p>\n<p style=\"text-align: justify;\">\u00a0Asimismo, como todos los a\u00f1os con ocasi\u00f3n de la memoria lit\u00fargica de Santa In\u00e9s, al Papa le presentar\u00e1s los dos corderos que bendecir\u00e1 y con cuya lana se <strong>confeccionar\u00e1n los Palios<\/strong> de los nuevos Arzobispos Metropolitanos.<\/p>\n<p style=\"text-align: justify;\">El<strong> Palio<\/strong>, recordamos, es una insignia lit\u00fargica de honor y de jurisdicci\u00f3n que llevan el Papa y los Arzobispos Metropolitanos en sus Iglesias y en las de sus Provincias. El Palio est\u00e1 constituido por una estrecha faja tejida en lana blanca y decorada por seis cruces de seda negra. El Santo Padre presidir\u00e1 el rito de la bendici\u00f3n de estos Palios el pr\u00f3ximo 29 de junio, en la Solemnidad de los Santos Ap\u00f3stoles Pedro y Pablo.<\/p>\n<p style=\"text-align: justify;\">El <strong>viernes 22 de enero<\/strong> a mediod\u00eda, tendr\u00e1 lugar en la Sala de Prensa de la Santa Sede la presentaci\u00f3n del Mensaje Pontificio con motivo de la <strong>50\u00aa Jornada Mundial de las Comunicaciones Sociales, sobre el tema: \u201cComunicaci\u00f3n y Misericordia: un encuentro fecundo\u201d.<\/strong><\/p>\n<p style=\"text-align: justify;\">Intervendr\u00e1n el Padre <strong>Federico Lombardi<\/strong>, Director de la Oficina de Prensa de la Santa Sede; Monse\u00f1or <strong>Dario Edoardo Vigan\u00f2,<\/strong> Prefecto de la Secretar\u00eda para la Comunicaci\u00f3n; el Dr. <strong>Paolo Ruffini,<\/strong> Director de TV2000 y la Profesora <strong>Marinella Perroni<\/strong>, del Pontificio Ateneo San Anselmo.<\/p>\n<p style=\"text-align: justify;\">Por otra parte, a las 10.30, Monse\u00f1or Claudio Maria Celli, Presidente del Consejo Pontificio para las Comunicaciones Sociales, presidir\u00e1 la celebraci\u00f3n de la Santa Misa en la iglesia de Santa Mar\u00eda en Traspontina con motivo de la publicaci\u00f3n del Mensaje Pontificio para la Jornada Mundial de las Comunicaciones Sociales y en proximidad a la memoria lit\u00fargica de San Francisco de Sales, Patrono de los periodistas y de los agentes de la comunicaci\u00f3n, que se celebrar\u00e1 el d\u00eda 24.<\/p>\n<p style=\"text-align: justify;\">\u00a0Adem\u00e1s, en el \u00e1mbito del <strong>Jubileo de la Misericordia, en la Bas\u00edlica romana de Santa Mar\u00eda en Montesanto<\/strong>, a las 18.30, tendr\u00e1 lugar un encuentro, sobre el tema \u201cLa misericordia y la verdad se encontrar\u00e1n\u201d, con Monse\u00f1or Rino Fisichella, Presidente del Consejo Pontificio para la Nueva Evangelizaci\u00f3n. Este encuentro estar\u00e1 dedicado a los agentes de la comunicaci\u00f3n y ha sido organizado por la Oficina para las Comunicaciones Sociales de la di\u00f3cesis de Roma.<\/p>\n<p style=\"text-align: justify;\">Del <strong>23 al 26 de enero en la ciudad estadounidense de Washington<\/strong> se celebrar\u00e1 el Congreso anual nacional de los responsables diocesanos de la pastoral social de los EEUU bajo el tema de \u201cLlamados a vivir la misericordia en nuestra casa com\u00fan\u201d, inspirado en la Enc\u00edclica del Papa Francisco \u201cLaudato si\u2019\u201d y en el Jubileo Extraordinario de la Misericordia.<\/p>\n<p style=\"text-align: justify;\">\u00a0El <strong>domingo 24 de enero<\/strong>, memoria lit\u00fargica de San Francisco de Sales, Obispo y Doctor de la Iglesia, y Fundador de la Orden de la Visitaci\u00f3n, Patrono de la Prensa Cat\u00f3lica, el Papa Francisco rezar\u00e1 a mediod\u00eda la oraci\u00f3n mariana del \u00c1ngelus con los fieles y peregrinos que se dar\u00e1n cita en la Plaza de San Pedro, deseosos de escuchar su comentario al Evangelio y de recibir su bendici\u00f3n apost\u00f3lica.<\/p>\n<p style=\"text-align: justify;\">El <strong>lunes 25 de enero,<\/strong> Fiesta de la Conversi\u00f3n de San Pablo, Ap\u00f3stol, el Santo Padre presidir\u00e1 una celebraci\u00f3n ecum\u00e9nica a las 17.30 en la Bas\u00edlica de San Pablo Extramuros.<\/p>\n<p style=\"text-align: justify;\">\u00a0(Mar\u00eda Fernanda Bernasconi &#8211; RV).<\/p>\n","protected":false},"excerpt":{"rendered":"<p>Previsiones de la semana del 19 al 25 de enero en la Santa Sede Foto: La Plaza de San Pedro a la hora del \u00c1ngelus del segundo domingo del tiempo ordinario &#8211; REUTERS (RV).- El martes 19 de enero, memoria lit\u00fargica de San Fabi\u00e1n, Papa y m\u00e1rtir las Iglesias que siguen el calendario juliano celebrar\u00e1n &hellip; <a href=\"https:\/\/www.biblia.work\/sermones\/previsiones-de-la-semana-del-19-al-25-de-enero-en-la-santa-sede\/\" class=\"more-link\">Continuar leyendo<span class=\"screen-reader-text\"> \u00abPrevisiones de la semana del 19 al 25 de enero en la Santa Sede\u00bb<\/span><\/a><\/p>\n","protected":false},"author":1,"featured_media":0,"comment_status":"open","ping_status":"closed","sticky":false,"template":"","format":"standard","meta":{"footnotes":""},"categories":[1],"tags":[],"class_list":["post-36837","post","type-post","status-publish","format-standard","hentry","category-general"],"_links":{"self":[{"href":"https:\/\/www.biblia.work\/sermones\/wp-json\/wp\/v2\/posts\/36837","targetHints":{"allow":["GET"]}}],"collection":[{"href":"https:\/\/www.biblia.work\/sermones\/wp-json\/wp\/v2\/posts"}],"about":[{"href":"https:\/\/www.biblia.work\/sermones\/wp-json\/wp\/v2\/types\/post"}],"author":[{"embeddable":true,"href":"https:\/\/www.biblia.work\/sermones\/wp-json\/wp\/v2\/users\/1"}],"replies":[{"embeddable":true,"href":"https:\/\/www.biblia.work\/sermones\/wp-json\/wp\/v2\/comments?post=36837"}],"version-history":[{"count":0,"href":"https:\/\/www.biblia.work\/sermones\/wp-json\/wp\/v2\/posts\/36837\/revisions"}],"wp:attachment":[{"href":"https:\/\/www.biblia.work\/sermones\/wp-json\/wp\/v2\/media?parent=36837"}],"wp:term":[{"taxonomy":"category","embeddable":true,"href":"https:\/\/www.biblia.work\/sermones\/wp-json\/wp\/v2\/categories?post=36837"},{"taxonomy":"post_tag","embeddable":true,"href":"https:\/\/www.biblia.work\/sermones\/wp-json\/wp\/v2\/tags?post=36837"}],"curies":[{"name":"wp","href":"https:\/\/api.w.org\/{rel}","templated":true}]}}