{"id":36839,"date":"2016-06-21T10:33:11","date_gmt":"2016-06-21T15:33:11","guid":{"rendered":"http:\/\/www.biblia.work\/sermones\/el-papa-a-los-refugiados-y-migrantes-no-se-dejen-robar-la-esperanza\/"},"modified":"2016-06-21T10:33:11","modified_gmt":"2016-06-21T15:33:11","slug":"el-papa-a-los-refugiados-y-migrantes-no-se-dejen-robar-la-esperanza","status":"publish","type":"post","link":"https:\/\/www.biblia.work\/sermones\/el-papa-a-los-refugiados-y-migrantes-no-se-dejen-robar-la-esperanza\/","title":{"rendered":"El Papa a los refugiados y migrantes: \u201cNo se dejen robar la esperanza\u201d"},"content":{"rendered":"<p align=\"justify\"><strong>El Papa a los refugiados y migrantes: \u201cNo se dejen robar la esperanza\u201d<\/strong><\/p>\n<p align=\"justify\"><strong>(RV).-<\/strong>\u00a0Los\u00a0<strong style=\"font-style: inherit;\">migrantes<\/strong>,\u00a0los\u00a0<strong style=\"font-style: inherit;\">refugiados,<\/strong><strong>\u00a0<\/strong>y las\u00a0<strong style=\"font-style: inherit;\">v\u00edctimas de los atentados<\/strong>\u00a0de d\u00edas pasados en Indonesia y Burkina Faso en el centro de los saludos del Papa Francisco despu\u00e9s de la oraci\u00f3n del \u00c1ngelus.<\/p>\n<p align=\"justify\">Recordando la Jornada Mundial del Migrante y del Refugiado que se celebra hoy, y que es celebrada tambi\u00e9n como el \u201c<strong style=\"font-style: inherit;\">Jubileo de los Migrantes<\/strong>\u201d, el Obispo de Roma salud\u00f3 a los cerca de seis mil inmigrantes provenientes de diversas regiones de Italia, de treinta nacionalidades diferentes, que se dieron cita en la plaza de san Pedro para participar en el \u00c1ngelus, y que adem\u00e1s, una vez finalizado,\u00a0<strong style=\"font-style: inherit;\">pasar\u00e1n por la Puerta Santa<\/strong>\u00a0y celebrar\u00e1n<strong>\u00a0<\/strong><strong>la Santa Misa presidida por el Cardenal Antonio Maria Vegli\u00f2<\/strong>, Presidente del Pontificio Consejo de la Pastoral para los Migrantes e Itinerantes, en la Bas\u00edlica Vaticana:\u00a0<\/p>\n<p align=\"justify\">\u201cQueridos migrantes y refugiados, cada uno de ustedes lleva en s\u00ed una historia, una cultura, valores preciosos; y a menudo, lamentablemente, tambi\u00e9n experiencias de miseria, de opresi\u00f3n, de miedo. Su presencia en esta Plaza es signo de la esperanza en Dios. No se dejen robar esta esperanza y la alegr\u00eda de vivir, que brotan de la experiencia de la divina misericordia, tambi\u00e9n gracias a las personas que los reciben y los ayudan. Que el pasaje de la Puerta Santa y la Misa que vivir\u00e1n dentro de poco, les colme el coraz\u00f3n de paz. En esta misa yo quisiera agradecer, tambi\u00e9n ustedes agradezcan junto a m\u00ed, a los detenidos de la c\u00e1rcel de Opera, por el don de las ostias confeccionadas por ellos mismos y que ser\u00e1n utilizadas en esta celebraci\u00f3n. Los saludamos con un aplauso de todos. Todos juntos&#8221;.\u00a0<\/p>\n<p align=\"justify\">Como es habitual, el Papa tambi\u00e9n salud\u00f3 a los peregrinos provenientes de Italia y de otros pa\u00edses del mundo, en particular a la Asociaci\u00f3n cultural Napredak de Sarajevo, a los estudiantes de Badajoz y Palma de Mallorca y a los j\u00f3venes de \u201cOsteria Grande\u201d de Bolonia.\u00a0<\/p>\n<p align=\"justify\">Finalmente invit\u00f3 a todos\u00a0a dirigir\u00a0<strong style=\"font-style: inherit;\">una oraci\u00f3n a Dios por las v\u00edctimas de los atentados<\/strong>\u00a0de d\u00edas pasados en\u00a0<strong style=\"font-style: inherit;\">Indonesia y Burkina Faso<\/strong>:\u00a0\u201cQue el Se\u00f1or los reciba en su casa y sostenga el compromiso de la comunidad internacional por la construcci\u00f3n de la Paz.\u00a0<strong style=\"font-style: inherit;\">Recemos a la Virgen<\/strong>, Dios te salve Mar\u00eda&#8230;\u201d\u00a0.<\/p>\n<p align=\"justify\">\u201cA todos les deseo un buen domingo &#8211; concluy\u00f3 &#8211; y, por favor, no se olviden de rezar por m\u00ed. Buen almuerzo y hasta la vista\u201d\u00a0.<\/p>\n<p align=\"justify\">(GM \u2013 RV)<\/p>\n","protected":false},"excerpt":{"rendered":"<p>El Papa a los refugiados y migrantes: \u201cNo se dejen robar la esperanza\u201d (RV).-\u00a0Los\u00a0migrantes,\u00a0los\u00a0refugiados,\u00a0y las\u00a0v\u00edctimas de los atentados\u00a0de d\u00edas pasados en Indonesia y Burkina Faso en el centro de los saludos del Papa Francisco despu\u00e9s de la oraci\u00f3n del \u00c1ngelus. Recordando la Jornada Mundial del Migrante y del Refugiado que se celebra hoy, y que &hellip; <a href=\"https:\/\/www.biblia.work\/sermones\/el-papa-a-los-refugiados-y-migrantes-no-se-dejen-robar-la-esperanza\/\" class=\"more-link\">Continuar leyendo<span class=\"screen-reader-text\"> \u00abEl Papa a los refugiados y migrantes: \u201cNo se dejen robar la esperanza\u201d\u00bb<\/span><\/a><\/p>\n","protected":false},"author":1,"featured_media":0,"comment_status":"open","ping_status":"closed","sticky":false,"template":"","format":"standard","meta":{"footnotes":""},"categories":[1],"tags":[],"class_list":["post-36839","post","type-post","status-publish","format-standard","hentry","category-general"],"_links":{"self":[{"href":"https:\/\/www.biblia.work\/sermones\/wp-json\/wp\/v2\/posts\/36839","targetHints":{"allow":["GET"]}}],"collection":[{"href":"https:\/\/www.biblia.work\/sermones\/wp-json\/wp\/v2\/posts"}],"about":[{"href":"https:\/\/www.biblia.work\/sermones\/wp-json\/wp\/v2\/types\/post"}],"author":[{"embeddable":true,"href":"https:\/\/www.biblia.work\/sermones\/wp-json\/wp\/v2\/users\/1"}],"replies":[{"embeddable":true,"href":"https:\/\/www.biblia.work\/sermones\/wp-json\/wp\/v2\/comments?post=36839"}],"version-history":[{"count":0,"href":"https:\/\/www.biblia.work\/sermones\/wp-json\/wp\/v2\/posts\/36839\/revisions"}],"wp:attachment":[{"href":"https:\/\/www.biblia.work\/sermones\/wp-json\/wp\/v2\/media?parent=36839"}],"wp:term":[{"taxonomy":"category","embeddable":true,"href":"https:\/\/www.biblia.work\/sermones\/wp-json\/wp\/v2\/categories?post=36839"},{"taxonomy":"post_tag","embeddable":true,"href":"https:\/\/www.biblia.work\/sermones\/wp-json\/wp\/v2\/tags?post=36839"}],"curies":[{"name":"wp","href":"https:\/\/api.w.org\/{rel}","templated":true}]}}