{"id":36840,"date":"2016-06-21T10:33:16","date_gmt":"2016-06-21T15:33:16","guid":{"rendered":"http:\/\/www.biblia.work\/sermones\/palabras-del-papa-francisco-en-la-jornada-mundial-del-emigrante-y-del-refugiado\/"},"modified":"2016-06-21T10:33:16","modified_gmt":"2016-06-21T15:33:16","slug":"palabras-del-papa-francisco-en-la-jornada-mundial-del-emigrante-y-del-refugiado","status":"publish","type":"post","link":"https:\/\/www.biblia.work\/sermones\/palabras-del-papa-francisco-en-la-jornada-mundial-del-emigrante-y-del-refugiado\/","title":{"rendered":"Palabras del Papa Francisco en la Jornada Mundial del Emigrante y del Refugiado"},"content":{"rendered":"<p align=\"justify\">Los migrantes,\u00a0los refugiados y las v\u00edctimas de los atentados de d\u00edas pasados en Indonesia y Burkina Faso en el centro de los saludos del Papa Francisco despu\u00e9s de la oraci\u00f3n del \u00c1ngelus.<\/p>\n<p align=\"justify\">Recordando la Jornada Mundial del Migrante y del Refugiado que se celebra hoy, y que es celebrada tambi\u00e9n como el \u201cJubileo de los Migrantes\u201d, el Obispo de Roma salud\u00f3 a los cerca de seis mil inmigrantes provenientes de diversas regiones de Italia, de treinta nacionalidades diferentes, que se dieron cita en la plaza de san Pedro para participar en el \u00c1ngelus, y que adem\u00e1s, una vez finalizado, pasar\u00e1n por la Puerta Santa y celebrar\u00e1n la Santa Misa presidida por el Cardenal Antonio Maria Vegli\u00f2, Presidente del Pontificio Consejo de la Pastoral para los Migrantes e Itinerantes, en la Bas\u00edlica Vaticana:<\/p>\n<p align=\"justify\">\u201cQueridos migrantes y refugiados, cada uno de ustedes lleva en s\u00ed una historia, una cultura, valores preciosos; y a menudo, lamentablemente, tambi\u00e9n experiencias de miseria, de opresi\u00f3n, de miedo. Su presencia en esta Plaza es signo de la esperanza en Dios. No se dejen robar esta esperanza y la alegr\u00eda de vivir, que brotan de la experiencia de la divina misericordia, tambi\u00e9n gracias a las personas que los reciben y los ayudan. Que el pasaje de la Puerta Santa y la Misa que vivr\u00e1n dentro de poco, les colme el coraz\u00f3n de paz. En esta misa yo quisiera agradecer, tambi\u00e9n ustedes agradezcan junto a m\u00ed, a los detenidos de la c\u00e1rcel de Opera, por el don de las ostias confeccionadas por ellos mismos y que ser\u00e1n utilizadas en esta celebraci\u00f3n. Los saludamos con un aplauso de todos. Todos juntos&#8221;.<\/p>\n","protected":false},"excerpt":{"rendered":"<p>Los migrantes,\u00a0los refugiados y las v\u00edctimas de los atentados de d\u00edas pasados en Indonesia y Burkina Faso en el centro de los saludos del Papa Francisco despu\u00e9s de la oraci\u00f3n del \u00c1ngelus. Recordando la Jornada Mundial del Migrante y del Refugiado que se celebra hoy, y que es celebrada tambi\u00e9n como el \u201cJubileo de los &hellip; <a href=\"https:\/\/www.biblia.work\/sermones\/palabras-del-papa-francisco-en-la-jornada-mundial-del-emigrante-y-del-refugiado\/\" class=\"more-link\">Continuar leyendo<span class=\"screen-reader-text\"> \u00abPalabras del Papa Francisco en la Jornada Mundial del Emigrante y del Refugiado\u00bb<\/span><\/a><\/p>\n","protected":false},"author":1,"featured_media":0,"comment_status":"open","ping_status":"closed","sticky":false,"template":"","format":"standard","meta":{"footnotes":""},"categories":[1],"tags":[],"class_list":["post-36840","post","type-post","status-publish","format-standard","hentry","category-general"],"_links":{"self":[{"href":"https:\/\/www.biblia.work\/sermones\/wp-json\/wp\/v2\/posts\/36840","targetHints":{"allow":["GET"]}}],"collection":[{"href":"https:\/\/www.biblia.work\/sermones\/wp-json\/wp\/v2\/posts"}],"about":[{"href":"https:\/\/www.biblia.work\/sermones\/wp-json\/wp\/v2\/types\/post"}],"author":[{"embeddable":true,"href":"https:\/\/www.biblia.work\/sermones\/wp-json\/wp\/v2\/users\/1"}],"replies":[{"embeddable":true,"href":"https:\/\/www.biblia.work\/sermones\/wp-json\/wp\/v2\/comments?post=36840"}],"version-history":[{"count":0,"href":"https:\/\/www.biblia.work\/sermones\/wp-json\/wp\/v2\/posts\/36840\/revisions"}],"wp:attachment":[{"href":"https:\/\/www.biblia.work\/sermones\/wp-json\/wp\/v2\/media?parent=36840"}],"wp:term":[{"taxonomy":"category","embeddable":true,"href":"https:\/\/www.biblia.work\/sermones\/wp-json\/wp\/v2\/categories?post=36840"},{"taxonomy":"post_tag","embeddable":true,"href":"https:\/\/www.biblia.work\/sermones\/wp-json\/wp\/v2\/tags?post=36840"}],"curies":[{"name":"wp","href":"https:\/\/api.w.org\/{rel}","templated":true}]}}