{"id":36841,"date":"2016-06-21T10:33:25","date_gmt":"2016-06-21T15:33:25","guid":{"rendered":"http:\/\/www.biblia.work\/sermones\/el-papa-francisco-reza-por-michael-schumacher\/"},"modified":"2016-06-21T10:33:25","modified_gmt":"2016-06-21T15:33:25","slug":"el-papa-francisco-reza-por-michael-schumacher","status":"publish","type":"post","link":"https:\/\/www.biblia.work\/sermones\/el-papa-francisco-reza-por-michael-schumacher\/","title":{"rendered":"El Papa Francisco reza por Michael Schumacher"},"content":{"rendered":"<p style=\"text-align: justify;\"><strong>El Papa Francisco reza por Michael Schumacher<\/strong><\/p>\n<p style=\"text-align: justify;\">El ex administrador delegado de Ferrari, ha sido recibi\u00f3 el jueves 14\u00a0de enero\u00a0en audiencia por el Santo Padre para hablar de seguridad vial<\/p>\n<p style=\"text-align: justify;\">El papa Francisco recibi\u00f3 este jueves a<strong> Jean Todt<\/strong>, presidente de la Fia y ex administrador delegado de la Ferrari, ahora enviado especial de las Naciones Unidas para la Seguridad Vial. Durante el encuentro se habl\u00f3 de las condiciones de salud de Michael Schumacher, come \u00e9l mismo explic\u00f3 en una entrevista a Radio Vaticana. \u201cLe he preguntado si quer\u00eda rezar una oraci\u00f3n por \u00e9l y \u00e9l ha aceptado con gusto\u201d, ha contado, describiendo el encuentro con el Pont\u00edfice como \u201cdenso, pleno\u201d.<\/p>\n<p style=\"text-align: justify;\">\u201cPrincipalmente \u2013ha a\u00f1adido\u2013 en realidad, hemos venido para hablar de seguridad vial y he podido constatar el tono positivo de nuestra conversaci\u00f3n, de nuestro encuentro. He extendido la discusi\u00f3n a los temas en los que estaba interesado en hablar y obviamente Michael Schumacher est\u00e1 en mi coraz\u00f3n, como todos saben, es de la familia\u201d. Aunque si Michael Schumacher no era el objeto principal del encuentro, que era la seguridad, para Todt, \u201cen la vida hay siempre una oportunidad. Y la oportunidad consiente en hacer cosas extraordinarias y hoy ha sido algo extraordinario\u201d.<\/p>\n<p style=\"text-align: justify;\">Foto: Un momento dell&#8217;Angelus di Papa Francesco, in Piazza San Pietro, Citta del Vaticano, 23 agosto 2015. ANSA\/GIORGIO ONORATI<\/p>\n","protected":false},"excerpt":{"rendered":"<p>El Papa Francisco reza por Michael Schumacher El ex administrador delegado de Ferrari, ha sido recibi\u00f3 el jueves 14\u00a0de enero\u00a0en audiencia por el Santo Padre para hablar de seguridad vial El papa Francisco recibi\u00f3 este jueves a Jean Todt, presidente de la Fia y ex administrador delegado de la Ferrari, ahora enviado especial de las &hellip; <a href=\"https:\/\/www.biblia.work\/sermones\/el-papa-francisco-reza-por-michael-schumacher\/\" class=\"more-link\">Continuar leyendo<span class=\"screen-reader-text\"> \u00abEl Papa Francisco reza por Michael Schumacher\u00bb<\/span><\/a><\/p>\n","protected":false},"author":1,"featured_media":0,"comment_status":"open","ping_status":"closed","sticky":false,"template":"","format":"standard","meta":{"footnotes":""},"categories":[1],"tags":[],"class_list":["post-36841","post","type-post","status-publish","format-standard","hentry","category-general"],"_links":{"self":[{"href":"https:\/\/www.biblia.work\/sermones\/wp-json\/wp\/v2\/posts\/36841","targetHints":{"allow":["GET"]}}],"collection":[{"href":"https:\/\/www.biblia.work\/sermones\/wp-json\/wp\/v2\/posts"}],"about":[{"href":"https:\/\/www.biblia.work\/sermones\/wp-json\/wp\/v2\/types\/post"}],"author":[{"embeddable":true,"href":"https:\/\/www.biblia.work\/sermones\/wp-json\/wp\/v2\/users\/1"}],"replies":[{"embeddable":true,"href":"https:\/\/www.biblia.work\/sermones\/wp-json\/wp\/v2\/comments?post=36841"}],"version-history":[{"count":0,"href":"https:\/\/www.biblia.work\/sermones\/wp-json\/wp\/v2\/posts\/36841\/revisions"}],"wp:attachment":[{"href":"https:\/\/www.biblia.work\/sermones\/wp-json\/wp\/v2\/media?parent=36841"}],"wp:term":[{"taxonomy":"category","embeddable":true,"href":"https:\/\/www.biblia.work\/sermones\/wp-json\/wp\/v2\/categories?post=36841"},{"taxonomy":"post_tag","embeddable":true,"href":"https:\/\/www.biblia.work\/sermones\/wp-json\/wp\/v2\/tags?post=36841"}],"curies":[{"name":"wp","href":"https:\/\/api.w.org\/{rel}","templated":true}]}}