{"id":36843,"date":"2016-06-21T10:33:33","date_gmt":"2016-06-21T15:33:33","guid":{"rendered":"http:\/\/www.biblia.work\/sermones\/las-parroquias-del-vaticano-acogen-a-los-profugos\/"},"modified":"2016-06-21T10:33:33","modified_gmt":"2016-06-21T15:33:33","slug":"las-parroquias-del-vaticano-acogen-a-los-profugos","status":"publish","type":"post","link":"https:\/\/www.biblia.work\/sermones\/las-parroquias-del-vaticano-acogen-a-los-profugos\/","title":{"rendered":"Las parroquias del Vaticano acogen a los pr\u00f3fugos"},"content":{"rendered":"<p style=\"text-align: justify;\"><strong>Las parroquias del Vaticano acogen a los pr\u00f3fugos<\/strong><\/p>\n<p style=\"text-align: justify;\">Como recordar\u00e1n nuestros lectores, al finalizar el Angelus del domingo 6 de septiembre de 2015, el Santo Padre hab\u00eda invitado a todas las parroquias comenzando por las de su di\u00f3cesis de Roma a albergar a una familia de pr\u00f3fugos.<\/p>\n<p style=\"text-align: justify;\">Las dos parroquias del Vaticano, Santa Ana y San Pedro, respondieron con prontitud a esa solicitud en colaboraci\u00f3n con el Limosnero Pontificio, el arzobispo Konrad Krajewski y con la Comunidad de San Egidio. Santa Ana acoge en la zona del Borgo a una familia siria formada por un matrimonio con dos hijos.<\/p>\n<p style=\"text-align: justify;\">De igual modo, la parroquia de la bas\u00edlica de San Pedro, en un piso grande situado en la zona de Gregorio VII, alberga a una familia eritrea: una madre con cinco hijos, tres de los cuales ya viven con ella mientras los otros dos est\u00e1n todav\u00eda en un campo de refugiados en Etiop\u00eda aunque la Comunidad de San Egidio espera que se unan al resto de la familia en Italia a finales de mes o dentro de pocas semanas. El hijo m\u00e1s peque\u00f1o naci\u00f3 en Noruega, donde lleg\u00f3 la familia y desde donde fue enviada a Italia por el Tratado de Dubl\u00edn. En el mismo apartamento vive una se\u00f1ora amiga de la familia con su hijo peque\u00f1o.<\/p>\n<p style=\"text-align: justify;\">Ciudad del Vaticano, 14 de enero de 2016.-<\/p>\n","protected":false},"excerpt":{"rendered":"<p>Las parroquias del Vaticano acogen a los pr\u00f3fugos Como recordar\u00e1n nuestros lectores, al finalizar el Angelus del domingo 6 de septiembre de 2015, el Santo Padre hab\u00eda invitado a todas las parroquias comenzando por las de su di\u00f3cesis de Roma a albergar a una familia de pr\u00f3fugos. Las dos parroquias del Vaticano, Santa Ana y &hellip; <a href=\"https:\/\/www.biblia.work\/sermones\/las-parroquias-del-vaticano-acogen-a-los-profugos\/\" class=\"more-link\">Continuar leyendo<span class=\"screen-reader-text\"> \u00abLas parroquias del Vaticano acogen a los pr\u00f3fugos\u00bb<\/span><\/a><\/p>\n","protected":false},"author":1,"featured_media":0,"comment_status":"open","ping_status":"closed","sticky":false,"template":"","format":"standard","meta":{"footnotes":""},"categories":[1],"tags":[],"class_list":["post-36843","post","type-post","status-publish","format-standard","hentry","category-general"],"_links":{"self":[{"href":"https:\/\/www.biblia.work\/sermones\/wp-json\/wp\/v2\/posts\/36843","targetHints":{"allow":["GET"]}}],"collection":[{"href":"https:\/\/www.biblia.work\/sermones\/wp-json\/wp\/v2\/posts"}],"about":[{"href":"https:\/\/www.biblia.work\/sermones\/wp-json\/wp\/v2\/types\/post"}],"author":[{"embeddable":true,"href":"https:\/\/www.biblia.work\/sermones\/wp-json\/wp\/v2\/users\/1"}],"replies":[{"embeddable":true,"href":"https:\/\/www.biblia.work\/sermones\/wp-json\/wp\/v2\/comments?post=36843"}],"version-history":[{"count":0,"href":"https:\/\/www.biblia.work\/sermones\/wp-json\/wp\/v2\/posts\/36843\/revisions"}],"wp:attachment":[{"href":"https:\/\/www.biblia.work\/sermones\/wp-json\/wp\/v2\/media?parent=36843"}],"wp:term":[{"taxonomy":"category","embeddable":true,"href":"https:\/\/www.biblia.work\/sermones\/wp-json\/wp\/v2\/categories?post=36843"},{"taxonomy":"post_tag","embeddable":true,"href":"https:\/\/www.biblia.work\/sermones\/wp-json\/wp\/v2\/tags?post=36843"}],"curies":[{"name":"wp","href":"https:\/\/api.w.org\/{rel}","templated":true}]}}