{"id":36844,"date":"2016-06-21T10:33:38","date_gmt":"2016-06-21T15:33:38","guid":{"rendered":"http:\/\/www.biblia.work\/sermones\/reunion-de-la-upsa-con-la-agencia-de-calidad-de-la-santa-sede-de-las-facultades-eclesiasticas\/"},"modified":"2016-06-21T10:33:38","modified_gmt":"2016-06-21T15:33:38","slug":"reunion-de-la-upsa-con-la-agencia-de-calidad-de-la-santa-sede-de-las-facultades-eclesiasticas","status":"publish","type":"post","link":"https:\/\/www.biblia.work\/sermones\/reunion-de-la-upsa-con-la-agencia-de-calidad-de-la-santa-sede-de-las-facultades-eclesiasticas\/","title":{"rendered":"Reuni\u00f3n de la UPSA con la Agencia de Calidad de la Santa Sede de las Facultades Eclesi\u00e1sticas"},"content":{"rendered":"<p style=\"text-align: justify;\"><strong>La rectora de la Universidad Pontificia de Salamanca se re\u00fane con los responsables de la Agencia de Calidad de la Santa Sede de las Facultades Eclesi\u00e1sticas<\/strong><\/p>\n<p style=\"text-align: justify;\">La rectora de la Universidad Pontificia de Salamanca, Myriam Cort\u00e9s Di\u00e9guez; el vicerrector de Relaciones Institucionales y Comunidad Universitaria, Jacinto N\u00fa\u00f1ez Regod\u00f3n, y el profesor de la Facultad de Teolog\u00eda, Santiago Guijarro Oporto, han mantenido esta ma\u00f1ana una reuni\u00f3n con el presidente, P. Franco Imoda, S.J. y con el director, Riccardo Cinquegrani, responsables de la &#8216;Agencia de la Santa Sede para la Valoraci\u00f3n y la Promoci\u00f3n de la Calidad de las Universidades y Facultades Eclesi\u00e1sticas&#8217; (AVEPRO).<\/p>\n<p style=\"text-align: justify;\">La Agencia iniciar\u00e1 pr\u00f3ximamente la evaluaci\u00f3n de las Facultades Eclesi\u00e1sticas de Espa\u00f1a, un proceso que se desarrollar\u00e1 tambi\u00e9n en las Facultades de Teolog\u00eda, Filosof\u00eda y Derecho Can\u00f3nico de la Universidad.<\/p>\n","protected":false},"excerpt":{"rendered":"<p>La rectora de la Universidad Pontificia de Salamanca se re\u00fane con los responsables de la Agencia de Calidad de la Santa Sede de las Facultades Eclesi\u00e1sticas La rectora de la Universidad Pontificia de Salamanca, Myriam Cort\u00e9s Di\u00e9guez; el vicerrector de Relaciones Institucionales y Comunidad Universitaria, Jacinto N\u00fa\u00f1ez Regod\u00f3n, y el profesor de la Facultad de &hellip; <a href=\"https:\/\/www.biblia.work\/sermones\/reunion-de-la-upsa-con-la-agencia-de-calidad-de-la-santa-sede-de-las-facultades-eclesiasticas\/\" class=\"more-link\">Continuar leyendo<span class=\"screen-reader-text\"> \u00abReuni\u00f3n de la UPSA con la Agencia de Calidad de la Santa Sede de las Facultades Eclesi\u00e1sticas\u00bb<\/span><\/a><\/p>\n","protected":false},"author":1,"featured_media":0,"comment_status":"open","ping_status":"closed","sticky":false,"template":"","format":"standard","meta":{"footnotes":""},"categories":[1],"tags":[],"class_list":["post-36844","post","type-post","status-publish","format-standard","hentry","category-general"],"_links":{"self":[{"href":"https:\/\/www.biblia.work\/sermones\/wp-json\/wp\/v2\/posts\/36844","targetHints":{"allow":["GET"]}}],"collection":[{"href":"https:\/\/www.biblia.work\/sermones\/wp-json\/wp\/v2\/posts"}],"about":[{"href":"https:\/\/www.biblia.work\/sermones\/wp-json\/wp\/v2\/types\/post"}],"author":[{"embeddable":true,"href":"https:\/\/www.biblia.work\/sermones\/wp-json\/wp\/v2\/users\/1"}],"replies":[{"embeddable":true,"href":"https:\/\/www.biblia.work\/sermones\/wp-json\/wp\/v2\/comments?post=36844"}],"version-history":[{"count":0,"href":"https:\/\/www.biblia.work\/sermones\/wp-json\/wp\/v2\/posts\/36844\/revisions"}],"wp:attachment":[{"href":"https:\/\/www.biblia.work\/sermones\/wp-json\/wp\/v2\/media?parent=36844"}],"wp:term":[{"taxonomy":"category","embeddable":true,"href":"https:\/\/www.biblia.work\/sermones\/wp-json\/wp\/v2\/categories?post=36844"},{"taxonomy":"post_tag","embeddable":true,"href":"https:\/\/www.biblia.work\/sermones\/wp-json\/wp\/v2\/tags?post=36844"}],"curies":[{"name":"wp","href":"https:\/\/api.w.org\/{rel}","templated":true}]}}