{"id":36846,"date":"2016-06-21T10:33:51","date_gmt":"2016-06-21T15:33:51","guid":{"rendered":"http:\/\/www.biblia.work\/sermones\/el-padre-ermes-ronchi-predicara-los-ejercicios-espirituales-para-el-papa-y-la-curia\/"},"modified":"2016-06-21T10:33:51","modified_gmt":"2016-06-21T15:33:51","slug":"el-padre-ermes-ronchi-predicara-los-ejercicios-espirituales-para-el-papa-y-la-curia","status":"publish","type":"post","link":"https:\/\/www.biblia.work\/sermones\/el-padre-ermes-ronchi-predicara-los-ejercicios-espirituales-para-el-papa-y-la-curia\/","title":{"rendered":"El padre Ermes Ronchi predicar\u00e1 los Ejercicios Espirituales para el Papa y la Curia"},"content":{"rendered":"<p style=\"text-align: justify;\"><strong>El padre Ermes Ronchi predicar\u00e1 los Ejercicios Espirituales para el Papa y la Curia<\/strong><\/p>\n<p style=\"text-align: justify;\">El encargo se le ha comunicado al sacerdote a trav\u00e9s de una llamada telef\u00f3nica. Los Ejercicios de Cuaresma tendr\u00e1n lugar del 6 al 12 de marzo en Ariccia<\/p>\n<p style=\"text-align: justify;\">\n<p style=\"text-align: justify;\">El padre Ermes Maria Ronchi, presb\u00edtero y te\u00f3logo de la Orden de los Siervos de Mar\u00eda, predicar\u00e1 los Ejercicios Espirituales del papa Francisco y de la Curia que se celebrar\u00e1n en Ariccia, desde el domingo 6 de marzo, despu\u00e9s del \u00e1ngelus, hasta el s\u00e1bado 12. As\u00ed lo ha anunciado el mismo padre Ronchi a Il Messaggero Veneto, contando la llamada en la que el Pont\u00edfice le ped\u00eda \u201cun favor\u201d. \u201cLa llamada del Papa me ha llegado por sorpresa, mi primera reacci\u00f3n ha sido de asombro, de emoci\u00f3n. Cuando me dijo que ten\u00eda que pedirme un favor no dud\u00e9 en responder \u2018pero por supuesto, d\u00edgame, cualquier cosa que necesite\u2026\u2019 Despu\u00e9s cuando me dijo que quer\u00eda invitarme a organizar algunos encuentros de reflexi\u00f3n, trat\u00e9 de irme por las ramas y le respond\u00ed que no estaba seguro de ser la persona adecuada, de estar a la altura de la tarea que me propon\u00eda\u201d.<\/p>\n<p style=\"text-align: justify;\">Nacido en Racchiuso de Attimis, el 16 de agosto de 1947, Ronchi fue ordenado sacerdote en el 1973. El mismo a\u00f1o, junto a otros religiosos, dio vida a una comunidad experimental en la provincia de Vicenza (transferida despu\u00e9s a Casale Monferrato). Desde 1991 al 1994 est\u00e1 en la comunidad de los Siervos de Mar\u00eda en Verona. En 1994, despu\u00e9s de seis meses en Par\u00eds para refrescar los estudios, se estableci\u00f3 en Mil\u00e1n, donde actualmente desarrolla varias actividades en la iglesia de san Carlo, dirigendo el Centro cultural Corsia de los Siervos fundado por David Maria Turoldo.<\/p>\n<p style=\"text-align: justify;\">Redact\u00f3 los textos de reflexi\u00f3n para la vigilia de 500 mil j\u00f3venes en el Encuentro nacional de j\u00f3venes en 2007. Es profesor de Est\u00e9tica Teol\u00f3gica e Iconograf\u00eda en la Pontificia facultad teol\u00f3gica &#8220;Marianum&#8221; de Roma. El 11 de septiembre de 2012 fue nombrado p\u00e1rroco de san Carlo en Mil\u00e1n. Es autor de numerosos libros sobre temas b\u00edblicos y espirituales; colabora adem\u00e1s con diversos medios, entre ellos, Avvenire (peri\u00f3dico de la Conferencia Episcopal Italiana).<\/p>\n<p style=\"text-align: justify;\">Condujo la secci\u00f3n \u201cLas razones de la esperanza\u201d dentro del programa televisivo de cultura cat\u00f3lica. Caracter\u00edstica de su direcci\u00f3n, la asociaci\u00f3n del comentario del Evangelio con la visita de una comunidad de inspiraci\u00f3n religiosa y la lectura de una poes\u00eda devocional al finalizar el programa.<\/p>\n<p style=\"text-align: justify;\">ZENIT.org |<\/p>\n","protected":false},"excerpt":{"rendered":"<p>El padre Ermes Ronchi predicar\u00e1 los Ejercicios Espirituales para el Papa y la Curia El encargo se le ha comunicado al sacerdote a trav\u00e9s de una llamada telef\u00f3nica. Los Ejercicios de Cuaresma tendr\u00e1n lugar del 6 al 12 de marzo en Ariccia El padre Ermes Maria Ronchi, presb\u00edtero y te\u00f3logo de la Orden de los &hellip; <a href=\"https:\/\/www.biblia.work\/sermones\/el-padre-ermes-ronchi-predicara-los-ejercicios-espirituales-para-el-papa-y-la-curia\/\" class=\"more-link\">Continuar leyendo<span class=\"screen-reader-text\"> \u00abEl padre Ermes Ronchi predicar\u00e1 los Ejercicios Espirituales para el Papa y la Curia\u00bb<\/span><\/a><\/p>\n","protected":false},"author":1,"featured_media":0,"comment_status":"open","ping_status":"closed","sticky":false,"template":"","format":"standard","meta":{"footnotes":""},"categories":[1],"tags":[],"class_list":["post-36846","post","type-post","status-publish","format-standard","hentry","category-general"],"_links":{"self":[{"href":"https:\/\/www.biblia.work\/sermones\/wp-json\/wp\/v2\/posts\/36846","targetHints":{"allow":["GET"]}}],"collection":[{"href":"https:\/\/www.biblia.work\/sermones\/wp-json\/wp\/v2\/posts"}],"about":[{"href":"https:\/\/www.biblia.work\/sermones\/wp-json\/wp\/v2\/types\/post"}],"author":[{"embeddable":true,"href":"https:\/\/www.biblia.work\/sermones\/wp-json\/wp\/v2\/users\/1"}],"replies":[{"embeddable":true,"href":"https:\/\/www.biblia.work\/sermones\/wp-json\/wp\/v2\/comments?post=36846"}],"version-history":[{"count":0,"href":"https:\/\/www.biblia.work\/sermones\/wp-json\/wp\/v2\/posts\/36846\/revisions"}],"wp:attachment":[{"href":"https:\/\/www.biblia.work\/sermones\/wp-json\/wp\/v2\/media?parent=36846"}],"wp:term":[{"taxonomy":"category","embeddable":true,"href":"https:\/\/www.biblia.work\/sermones\/wp-json\/wp\/v2\/categories?post=36846"},{"taxonomy":"post_tag","embeddable":true,"href":"https:\/\/www.biblia.work\/sermones\/wp-json\/wp\/v2\/tags?post=36846"}],"curies":[{"name":"wp","href":"https:\/\/api.w.org\/{rel}","templated":true}]}}