{"id":36856,"date":"2016-06-21T10:34:45","date_gmt":"2016-06-21T15:34:45","guid":{"rendered":"http:\/\/www.biblia.work\/sermones\/previsiones-de-la-semana-del-5-al-11-de-enero-en-la-santa-sede\/"},"modified":"2016-06-21T10:34:45","modified_gmt":"2016-06-21T15:34:45","slug":"previsiones-de-la-semana-del-5-al-11-de-enero-en-la-santa-sede","status":"publish","type":"post","link":"https:\/\/www.biblia.work\/sermones\/previsiones-de-la-semana-del-5-al-11-de-enero-en-la-santa-sede\/","title":{"rendered":"Previsiones de la semana del 5 al 11 de enero en la Santa Sede"},"content":{"rendered":"<p style=\"text-align: justify;\"><strong>Previsiones de la semana del 5 al 11 de enero en la Santa Sede<\/strong><\/p>\n<p style=\"text-align: justify;\">(RV).- El mi\u00e9rcoles 6 de enero, <strong>Solemnidad de la Epifan\u00eda del Se\u00f1or<\/strong>, y Vigilia de Navidad para las Iglesias que siguen el calendario juliano, el Papa Francisco presidir\u00e1 la Santa Misa a las 10.00, en la Bas\u00edlica Vaticana.<\/p>\n<p style=\"text-align: justify;\">A mediod\u00eda, el Santo Padre rezar\u00e1 la oraci\u00f3n mariana del \u00c1ngelus con los fieles y peregrinos que se dar\u00e1n cita en la Plaza de San Pedro, deseosos de escuchar su comentario al Evangelio y de recibir su Bendici\u00f3n Apost\u00f3lica.<\/p>\n<p style=\"text-align: justify;\">Ese mismo d\u00eda se celebrar\u00e1 la <strong>Jornada de la Infancia Misionera<\/strong>, una fiesta en la que los ni\u00f1os y adolescentes renovar\u00e1n su empe\u00f1o por difundir el Evangelio con elecciones y estilos de vida propios de su edad. Para le edici\u00f3n del nuevo a\u00f1o 2016 se ha elegido el tema: \u201cPobres como Jes\u00fas\u201d.<\/p>\n<p style=\"text-align: justify;\">Por otra parte, como todos los a\u00f1os, en la Plaza de San Pedro se llevar\u00e1 a cabo la <strong>XXI edici\u00f3n de \u201cViva la Befana\u201d<\/strong>, iniciativa que naci\u00f3 para subrayar el significado espiritual de la Epifan\u00eda cuando esta festividad hab\u00eda sido borrada del calendario civil. El evento de este nuevo a\u00f1o prev\u00e9 la reuni\u00f3n de sus participantes a las 10.30, con la participaci\u00f3n de bandas, grupos folcl\u00f3ricos y figurantes vestidos como en tiempos de Jes\u00fas, que acompa\u00f1ar\u00e1n a los Reyes Magos hasta la cercana \u00e1rea del Castillo de Sant&#8217;Angelo.<\/p>\n<p style=\"text-align: justify;\">En cambio, en la ciudad italiana de Tur\u00edn, a las 12.30, en la Iglesia del Santo Rostro, se celebrar\u00e1 la Fiesta de los Pueblos. El Arzobispo Cesare Nosiglia presidir\u00e1 esta celebraci\u00f3n anual con las comunidades que han inmigrado, los voluntarios y agentes comprometidos en la pastoral de los cat\u00f3licos procedentes de diversos pa\u00edses que viven en esta ciudad italiana.<\/p>\n<p style=\"text-align: justify;\">El <strong>jueves 7 de enero celebraremos la Memoria lit\u00fargica de San Raimundo de Pe\u00f1afort<\/strong>, sacerdote dominico, cofundador de la orden de los Mercedarios. Asimismo est\u00e1 previsto que el Santo Padre Francisco reanude la celebraci\u00f3n de la Misa matutina en la capilla de la Casa de Santa Marta en la que suelen participar algunos fieles.<\/p>\n<p style=\"text-align: justify;\">Ese d\u00eda las Iglesias que siguen el calendario juliano celebrar\u00e1n la Navidad del Se\u00f1or.<\/p>\n<p style=\"text-align: justify;\"><strong>Del 7 al 14 de enero en Tierra Santa<\/strong>, tendr\u00e1 lugar la visita anual y el 16\u00ba encuentro del <strong>Holy Land Coordination<\/strong>, el organismo que re\u00fane a Obispos y representantes de las Conferencias episcopales de EEUU, la Uni\u00f3n Europea y Canad\u00e1, junto al Consejo de las Conferencias Episcopales de Europa y la Comisi\u00f3n de los Episcopados de la Comunidad europea. Este a\u00f1o la iniciativa \u2013 que se lleva a cabo desde 1988 el primer mes de cada a\u00f1o \u2013 tambi\u00e9n prev\u00e9 una visita a Gaza y a Jordania con una atenci\u00f3n especial hacia los refugiados. La coordinaci\u00f3n de este grupo y su comunicaci\u00f3n correr\u00e1 a cargo de la Conferencia Episcopal de Inglaterra y Gales.<\/p>\n<p style=\"text-align: justify;\">El <strong>viernes 8 de enero en la Sala Marconi<\/strong> de nuestra emisora, Radio Vaticano, a las 17.00, se presentar\u00e1 el libro de Yan Kin Sheung, titulado \u201cEl Evangelio m\u00e1s all\u00e1 de la Gran Muralla. Desaf\u00edos y perspectivas del cristianismo en China\u201d. Entre los participantes destacamos la presencia de Monse\u00f1or Claudio Maria Celli; Presidente del Consejo Pontificio para las Comunicaciones Sociales y de nuestro Director General, el Padre Federico Lombardi, tambi\u00e9n Director de la Oficina de Prensa de la Santa Sede.<\/p>\n<p style=\"text-align: justify;\">El <strong>s\u00e1bado 9 de enero en Manila<\/strong>, se llevar\u00e1 a cabo la anual procesi\u00f3n del Nazareno Negro, una tradici\u00f3n que se remonta al lejano a\u00f1o 1606. En efecto, la estatua del Nazareno Negro lleg\u00f3 a Filipinas el 31 de mayo de aquel a\u00f1o, junto a los primeros misioneros agustinos. Cabe destacar que esta estatua fue construida en M\u00e9xico y representa al Salvador de rodillas bajo el peso de la cruz con fama de ser milagrosa, puesto que result\u00f3 intacta a pesar del incendio que destruy\u00f3 la nave de aquellos misioneros.<\/p>\n<p style=\"text-align: justify;\">\u00a0La devoci\u00f3n que suscit\u00f3 este icono encontr\u00f3 el favor de la Santa Sede, que en el a\u00f1o 1650 \u2013 durante el pontificado de Inocencio X \u2013 instituy\u00f3 can\u00f3nicamente la Cofrad\u00eda de Jes\u00fas Nazareno. Tambi\u00e9n P\u00edo VII, en el siglo XIX, honr\u00f3 al Nazareno Negro concediendo la indulgencia plenaria \u201ca quien le reza piadosamente\u201d.<\/p>\n<p style=\"text-align: justify;\">\u00a0El <strong>domingo 10 de enero, Fiesta del Bautismo del Se\u00f1or<\/strong>, a las 9.30 en la Capilla Sixtina del Palacio Apost\u00f3lico del Vaticano, el Papa Francisco celebrar\u00e1 la Santa Misa durante la cual administrar\u00e1 el Sacramento del Bautismo a algunos ni\u00f1os.<\/p>\n<p style=\"text-align: justify;\">Y a mediod\u00eda rezar\u00e1 el \u00c1ngelus con los fieles y peregrinos que se dar\u00e1n cita, deseosos de escuchar su comentario al Evangelio y de recibir su Bendici\u00f3n Apost\u00f3lica.<\/p>\n<p style=\"text-align: justify;\">El<strong> lunes 11 de enero<\/strong> a las 10.30, en la Sala Regia del Palacio Apost\u00f3lico, el Papa Francisco recibir\u00e1 en audiencia al Cuerpo Diplom\u00e1tico acreditado ante la Santa Sede.<\/p>\n<p style=\"text-align: justify;\">\u00a0(Mar\u00eda Fernanda Bernasconi &#8211; RV).<\/p>\n<p style=\"text-align: justify;\">\u00a0Foto: La Plaza de San Pedro a la hora del \u00c1ngelus del segundo domingo despu\u00e9s de Navidad &#8211; AFPSHARE:<\/p>\n<p style=\"text-align: justify;\">\n","protected":false},"excerpt":{"rendered":"<p>Previsiones de la semana del 5 al 11 de enero en la Santa Sede (RV).- El mi\u00e9rcoles 6 de enero, Solemnidad de la Epifan\u00eda del Se\u00f1or, y Vigilia de Navidad para las Iglesias que siguen el calendario juliano, el Papa Francisco presidir\u00e1 la Santa Misa a las 10.00, en la Bas\u00edlica Vaticana. A mediod\u00eda, el &hellip; <a href=\"https:\/\/www.biblia.work\/sermones\/previsiones-de-la-semana-del-5-al-11-de-enero-en-la-santa-sede\/\" class=\"more-link\">Continuar leyendo<span class=\"screen-reader-text\"> \u00abPrevisiones de la semana del 5 al 11 de enero en la Santa Sede\u00bb<\/span><\/a><\/p>\n","protected":false},"author":1,"featured_media":0,"comment_status":"open","ping_status":"closed","sticky":false,"template":"","format":"standard","meta":{"footnotes":""},"categories":[1],"tags":[],"class_list":["post-36856","post","type-post","status-publish","format-standard","hentry","category-general"],"_links":{"self":[{"href":"https:\/\/www.biblia.work\/sermones\/wp-json\/wp\/v2\/posts\/36856","targetHints":{"allow":["GET"]}}],"collection":[{"href":"https:\/\/www.biblia.work\/sermones\/wp-json\/wp\/v2\/posts"}],"about":[{"href":"https:\/\/www.biblia.work\/sermones\/wp-json\/wp\/v2\/types\/post"}],"author":[{"embeddable":true,"href":"https:\/\/www.biblia.work\/sermones\/wp-json\/wp\/v2\/users\/1"}],"replies":[{"embeddable":true,"href":"https:\/\/www.biblia.work\/sermones\/wp-json\/wp\/v2\/comments?post=36856"}],"version-history":[{"count":0,"href":"https:\/\/www.biblia.work\/sermones\/wp-json\/wp\/v2\/posts\/36856\/revisions"}],"wp:attachment":[{"href":"https:\/\/www.biblia.work\/sermones\/wp-json\/wp\/v2\/media?parent=36856"}],"wp:term":[{"taxonomy":"category","embeddable":true,"href":"https:\/\/www.biblia.work\/sermones\/wp-json\/wp\/v2\/categories?post=36856"},{"taxonomy":"post_tag","embeddable":true,"href":"https:\/\/www.biblia.work\/sermones\/wp-json\/wp\/v2\/tags?post=36856"}],"curies":[{"name":"wp","href":"https:\/\/api.w.org\/{rel}","templated":true}]}}