{"id":36857,"date":"2016-06-21T10:34:50","date_gmt":"2016-06-21T15:34:50","guid":{"rendered":"http:\/\/www.biblia.work\/sermones\/se-jubila-gasbarri-organizador-de-los-viajes-de-tres-papas\/"},"modified":"2016-06-21T10:34:50","modified_gmt":"2016-06-21T15:34:50","slug":"se-jubila-gasbarri-organizador-de-los-viajes-de-tres-papas","status":"publish","type":"post","link":"https:\/\/www.biblia.work\/sermones\/se-jubila-gasbarri-organizador-de-los-viajes-de-tres-papas\/","title":{"rendered":"Se jubila Gasbarri, organizador de los viajes de tres Papas"},"content":{"rendered":"<p align=\"justify\"><strong>Se jubila,a los 70 a\u00f1os, Alberto Gasbarri, organizador de los viajes de tres Papas<\/strong><\/p>\n<p align=\"justify\">Tambi\u00e9n administraba la Radio Vaticana. Lo sustituir\u00e1 el colombiano Mauricio Rueda Beltz. La jubilaci\u00f3n, a los 70 a\u00f1os, ser\u00e1 tras el viaje del Papa Francisco a M\u00e9xico del 12 al 18 de febrero pr\u00f3ximo<\/p>\n<p align=\"justify\">Juan Pablo II lo llamaba \u00abmi director de los viajes\u00bb. Benedicto XVI, con un poco de iron\u00eda, lo bautiz\u00f3 su \u00abReisemarschall\u00bb, mariscal de viaje. Durante los \u00faltimos diez a\u00f1os ha sido oficialmente el responsable de la organizaci\u00f3n de los viajes papales al exterior, pero ha trabajado en su organizaci\u00f3n desde 1982, como vice del jesuita Roberto Rucci: Alberto Gasbarri, que cumplir\u00e1 70 a\u00f1os en febrero, con porte de gentilhombre ingl\u00e9s pero completamente romano de nacimiento, est\u00e1 por jubilarse. Deja la direcci\u00f3n administrativa de la Radio Vaticana y tambi\u00e9n el encargo de \u00abtour operator\u00bb del Papa. Ser\u00e1 sustituido por un monse\u00f1or colombiano, actualmente en servicio en la Segunda Secci\u00f3n de la Secretar\u00eda de Estado, Mauricio Rueda Beltz, que naci\u00f3 en 1970 y ha trabajado en la diplomacia vaticana en Estados Unidos y Jordania. El inminente nombramiento fue comunicado antes de Navidad por el \u00abministro del Exterior\u00bb de la Santa Sede, Paul Richard Gallagher.<\/p>\n<p align=\"justify\">El pr\u00f3ximo viaje de Francisco a M\u00e9xico, del 12 al 18 de febrero, ser\u00e1, pues, el \u00faltimo para el impecable \u00abReisemarschall\u00bb Gasbarri, acostumbrado a pasar en el extranjero por lo menos la mitad del a\u00f1o debido a los necesarios y repetidos viajes a los pa\u00edses que el obispo de Roma se prepara a visitar, y acostumbrado tambi\u00e9n a tratar con las autoridades de gobierno, con los encargados de protocolo, polic\u00edas y servicios secretos de todo el mundo. El organizador de los viajes papales, casado y con dos hijos, es un \u00abiuslaborista\u00bb que obtuvo su licenciatura en los a\u00f1os sesenta con el economista italiano Federico Caff\u00e8.<\/p>\n<p align=\"justify\">Entr\u00f3 a trabajar a la Radio Vaticana cuando ten\u00eda solamente 23 a\u00f1os, y con el tiempo se convirti\u00f3 en director administrativo. Desde 1979, en compa\u00f1\u00eda del padre Tucci, comenz\u00f3 a ocuparse de la parte radiof\u00f3nica de los viajes de Papa Wojtyla, que en ese entonces eran organizados por el obispo Paul Marcinkus. Despu\u00e9s el prelado estadounidense cay\u00f3 en desgracia por motivos bien conocidos relacionados con la quiebra del Ambrosiano. Gasbarri y Tucci fueron convocados por el cardenal Agostino Casaroli, Secretario de Estado, quien les encarg\u00f3 que se ocuparan \u00abtemporalmente\u00bb de los viajes del Pont\u00edfice \u00abglobetrotter\u00bb, que era capaz de visitar ocho pa\u00edses durante un \u00fanico viaje. Como a veces sucede en la Santa Sede, ese \u00abtemporalmente\u00bb quer\u00eda decir 37 a\u00f1os de trabajo entre la organizaci\u00f3n del trabajo de la Radio y la organizaci\u00f3n de todos los detalles de los viajes papales, con todo y sus imprevistos y sorpresas constantes. Como cuando en 1988 el avi\u00f3n de Wojtyla que se dirig\u00eda a Lesotho tuvo que aterrizar por motivos meteorol\u00f3gicos en Johannesburg, Sud\u00e1frica, y Gasbarri tuvo que organizar, en caliente, un viale de 600 kil\u00f3metros para doscientos personas hacia Maseru. Un par de a\u00f1os antes sucedi\u00f3 lo mismo al llegar a Italia: el vuelo papal volv\u00eda de la India, peo una tormenta de nieve impidi\u00f3 el aterrizaje en Roma. Despu\u00e9s de haber tratado de descender en Pisa, el avi\u00f3n lleg\u00f3 a N\u00e1poles y el \u00abReisemarschall\u00bb tuvo que organizar el viaje en tren para el Pont\u00edfice y todo el s\u00e9quito. Juan Pablo II era el Papa de los gestos y de las \u00absorpresas\u00bb, Benedicto XVI el Papa de la palabra y del programa estudiado y respetado rigurosamente, con Francisco se ha vuelto a las \u00absorpresas\u00bb. Como la que Gasbarri organiz\u00f3 en R\u00edo de Janeiro, para satisfacer el deseo del Papa de reunirse con 5000 compatriotas. O el que se vivi\u00f3 hace un a\u00f1o en Filipinas, con el Papa se neg\u00f3 rotundamente a cancelar la etapa en Taclob\u00e1n, desafiando a un tif\u00f3n que estaba llegando para llevar consuelo a las v\u00edctimas de otro tir\u00f3n, Haiy\u00e1n o Yolanda, que en 2013 provoc\u00f3 miles de muertos; Gasbarri en esa ocasi\u00f3n estaba en contacto continuo con los pilotos militares del avi\u00f3n papal, que despeg\u00f3 al \u00faltimo momento \u00fatil antes de que se abatiera la tormenta.<\/p>\n<p align=\"justify\">A sus colaboradores y a su vice, Paolo Corvini (que ahora seguir\u00e1 colaborando con su sucesor) el \u00abReisemarschall\u00bb que se acerca\u00a0 a la jubilaci\u00f3n les ha dico que los tres Papas tienen una actitud com\u00fan: la serenidad incluso en los momentos m\u00e1s dif\u00edciles o peligrosos de cada viaje. Impecable en su traje azul, en cualquier latitud, a cualquier hora y temperatura, Gasbarri siempre ha considerado al jesuita Roberto Tucci un maestro y padre espiritual, y estuvo a su lado hasta el \u00faltimo d\u00eda. Cuando en 2001 Juan Pablo II cre\u00f3 a Tucci cardenal, el Secretario del Papa, mons. Stanislao Dziwisz, dijo a Gasbarri: \u00ab\u00bfCu\u00e1ntos botones tiene el h\u00e1bito de un cardenal? \u00a1Pues, por lo menos ocho de los botones del de Tucci son tuyos!\u00bb. Una manera para decirle que aquel reconocimiento se deb\u00eda tambi\u00e9n al gran servicio ofrecido por el jesuita en la organizaci\u00f3n de los viajes. As\u00ed, en abril del a\u00f1o pasado, cuando Tucci muri\u00f3, su hist\u00f3rico &#8220;n\u00famero dos&#8221; tom\u00f3 ocho botones del h\u00e1bito cardenalicio y los puso a la vista desde entonces en su escritorio.<\/p>\n<p align=\"justify\">Fuente: http:\/\/www.lastampa.it\/2016\/01\/02\/vaticaninsider\/es\/vaticano\/se-jubila-gasbarri-organizador-de-los-viajes-de-tres-papas-jgF8x9M1lxY6P1wHPS3OFI\/pagina.html<\/p>\n","protected":false},"excerpt":{"rendered":"<p>Se jubila,a los 70 a\u00f1os, Alberto Gasbarri, organizador de los viajes de tres Papas Tambi\u00e9n administraba la Radio Vaticana. Lo sustituir\u00e1 el colombiano Mauricio Rueda Beltz. La jubilaci\u00f3n, a los 70 a\u00f1os, ser\u00e1 tras el viaje del Papa Francisco a M\u00e9xico del 12 al 18 de febrero pr\u00f3ximo Juan Pablo II lo llamaba \u00abmi director &hellip; <a href=\"https:\/\/www.biblia.work\/sermones\/se-jubila-gasbarri-organizador-de-los-viajes-de-tres-papas\/\" class=\"more-link\">Continuar leyendo<span class=\"screen-reader-text\"> \u00abSe jubila Gasbarri, organizador de los viajes de tres Papas\u00bb<\/span><\/a><\/p>\n","protected":false},"author":1,"featured_media":0,"comment_status":"open","ping_status":"closed","sticky":false,"template":"","format":"standard","meta":{"footnotes":""},"categories":[1],"tags":[],"class_list":["post-36857","post","type-post","status-publish","format-standard","hentry","category-general"],"_links":{"self":[{"href":"https:\/\/www.biblia.work\/sermones\/wp-json\/wp\/v2\/posts\/36857","targetHints":{"allow":["GET"]}}],"collection":[{"href":"https:\/\/www.biblia.work\/sermones\/wp-json\/wp\/v2\/posts"}],"about":[{"href":"https:\/\/www.biblia.work\/sermones\/wp-json\/wp\/v2\/types\/post"}],"author":[{"embeddable":true,"href":"https:\/\/www.biblia.work\/sermones\/wp-json\/wp\/v2\/users\/1"}],"replies":[{"embeddable":true,"href":"https:\/\/www.biblia.work\/sermones\/wp-json\/wp\/v2\/comments?post=36857"}],"version-history":[{"count":0,"href":"https:\/\/www.biblia.work\/sermones\/wp-json\/wp\/v2\/posts\/36857\/revisions"}],"wp:attachment":[{"href":"https:\/\/www.biblia.work\/sermones\/wp-json\/wp\/v2\/media?parent=36857"}],"wp:term":[{"taxonomy":"category","embeddable":true,"href":"https:\/\/www.biblia.work\/sermones\/wp-json\/wp\/v2\/categories?post=36857"},{"taxonomy":"post_tag","embeddable":true,"href":"https:\/\/www.biblia.work\/sermones\/wp-json\/wp\/v2\/tags?post=36857"}],"curies":[{"name":"wp","href":"https:\/\/api.w.org\/{rel}","templated":true}]}}