{"id":36858,"date":"2016-06-21T10:34:53","date_gmt":"2016-06-21T15:34:53","guid":{"rendered":"http:\/\/www.biblia.work\/sermones\/entro-en-vigor-el-acuerdo-de-la-santa-sede-con-el-estado-de-palestina\/"},"modified":"2016-06-21T10:34:53","modified_gmt":"2016-06-21T15:34:53","slug":"entro-en-vigor-el-acuerdo-de-la-santa-sede-con-el-estado-de-palestina","status":"publish","type":"post","link":"https:\/\/www.biblia.work\/sermones\/entro-en-vigor-el-acuerdo-de-la-santa-sede-con-el-estado-de-palestina\/","title":{"rendered":"Entr\u00f3 en vigor el acuerdo de la Santa Sede con el Estado de Palestina"},"content":{"rendered":"<p style=\"text-align: justify;\"><strong>\u00a0Entr\u00f3 en vigor el acuerdo de la Santa Sede con el Estado de Palestina<\/strong><\/p>\n<p style=\"text-align: justify;\">(RV).- El Vaticano anunci\u00f3 el 2 de enero la entrada en vigor del acuerdo entre la Santa Sede y el Estado de Palestina que propugna, entre otros aspectos, una \u201csoluci\u00f3n negociada y pac\u00edfica del conflicto en la regi\u00f3n\u201d. <\/p>\n<p style=\"text-align: justify;\">El acuerdo consiste en un pre\u00e1mbulo y 32 art\u00edculos en los que se abordan \u201caspectos esenciales de la vida y de la actividad de la Iglesia en Palestina\u201d, tal como se lee en el comunicado vaticano.<\/p>\n<p style=\"text-align: justify;\">\u00a0El acuerdo fue firmado el pasado 26 de junio y se apoya, como indic\u00f3 la Santa Sede al anunciarlo entonces, en la soluci\u00f3n de \u201cdos Estados\u201d para el contencioso con Israel.<\/p>\n<p style=\"text-align: justify;\">\u00a0Cuando revel\u00f3 el contenido del acuerdo la Santa Sede estim\u00f3 que podr\u00eda ayudar al reconocimiento de una Palestina \u201cindependiente\u201d. El texto da seguimiento al Acuerdo de Base que firmaron la Santa Sede y la Organizaci\u00f3n para la Liberaci\u00f3n de Palestina (OLP) el 15 de febrero del a\u00f1o 2000 y es resultado de las negociaciones desarrolladas por la Comisi\u00f3n de trabajo bilateral durante los \u00faltimos a\u00f1os.<\/p>\n<p style=\"text-align: justify;\">Por parte del Vaticano firm\u00f3 el acuerdo el pasado mes de junio el arzobispo Paul Gallagher, Secretario para las Relaciones con los Estados, mientras por parte de Palestina lo hizo el ministro de Asuntos Exteriores, Riad al Malki.<\/p>\n<p style=\"text-align: justify;\">Este acuerdo entre el Estado del Vaticano y el de Palestina sigue efectivamente al que se alcanz\u00f3 en el a\u00f1o 2000 con la OLP, aunque las relaciones oficiales entre ambas partes se hab\u00eda establecido el 26 de octubre de 1994.<\/p>\n<p style=\"text-align: justify;\">Las negociaciones se reanudaron despu\u00e9s del 2010 y tuvieron como consecuencia el acuerdo que ahora entra en vigor, y que regula aspectos del funcionamiento de la Iglesia cat\u00f3lica en Palestina, como el r\u00e9gimen fiscal de sus propiedades o la exenci\u00f3n de servicios personales, como el militar, para su personal.<\/p>\n<p style=\"text-align: justify;\">\u00a0Adem\u00e1s, regula la cuesti\u00f3n de los santos lugares y confirma que el concepto de \u201csantidad\u201d es \u201cfuente de obligaciones para la autoridad civil\u201d con relaci\u00f3n a la \u201cautoridad y jurisdicci\u00f3n can\u00f3nica\u201d de la Iglesia cat\u00f3lica.<\/p>\n<p style=\"text-align: justify;\">\u00a0(MFB &#8211; RV).<\/p>\n<p style=\"text-align: justify;\">(from Vatican Radio)<\/p>\n","protected":false},"excerpt":{"rendered":"<p>\u00a0Entr\u00f3 en vigor el acuerdo de la Santa Sede con el Estado de Palestina (RV).- El Vaticano anunci\u00f3 el 2 de enero la entrada en vigor del acuerdo entre la Santa Sede y el Estado de Palestina que propugna, entre otros aspectos, una \u201csoluci\u00f3n negociada y pac\u00edfica del conflicto en la regi\u00f3n\u201d. El acuerdo consiste &hellip; <a href=\"https:\/\/www.biblia.work\/sermones\/entro-en-vigor-el-acuerdo-de-la-santa-sede-con-el-estado-de-palestina\/\" class=\"more-link\">Continuar leyendo<span class=\"screen-reader-text\"> \u00abEntr\u00f3 en vigor el acuerdo de la Santa Sede con el Estado de Palestina\u00bb<\/span><\/a><\/p>\n","protected":false},"author":1,"featured_media":0,"comment_status":"open","ping_status":"closed","sticky":false,"template":"","format":"standard","meta":{"footnotes":""},"categories":[1],"tags":[],"class_list":["post-36858","post","type-post","status-publish","format-standard","hentry","category-general"],"_links":{"self":[{"href":"https:\/\/www.biblia.work\/sermones\/wp-json\/wp\/v2\/posts\/36858","targetHints":{"allow":["GET"]}}],"collection":[{"href":"https:\/\/www.biblia.work\/sermones\/wp-json\/wp\/v2\/posts"}],"about":[{"href":"https:\/\/www.biblia.work\/sermones\/wp-json\/wp\/v2\/types\/post"}],"author":[{"embeddable":true,"href":"https:\/\/www.biblia.work\/sermones\/wp-json\/wp\/v2\/users\/1"}],"replies":[{"embeddable":true,"href":"https:\/\/www.biblia.work\/sermones\/wp-json\/wp\/v2\/comments?post=36858"}],"version-history":[{"count":0,"href":"https:\/\/www.biblia.work\/sermones\/wp-json\/wp\/v2\/posts\/36858\/revisions"}],"wp:attachment":[{"href":"https:\/\/www.biblia.work\/sermones\/wp-json\/wp\/v2\/media?parent=36858"}],"wp:term":[{"taxonomy":"category","embeddable":true,"href":"https:\/\/www.biblia.work\/sermones\/wp-json\/wp\/v2\/categories?post=36858"},{"taxonomy":"post_tag","embeddable":true,"href":"https:\/\/www.biblia.work\/sermones\/wp-json\/wp\/v2\/tags?post=36858"}],"curies":[{"name":"wp","href":"https:\/\/api.w.org\/{rel}","templated":true}]}}