{"id":36860,"date":"2016-06-21T10:35:01","date_gmt":"2016-06-21T15:35:01","guid":{"rendered":"http:\/\/www.biblia.work\/sermones\/concierto-natalicio-de-los-pueri-cantores-para-benedicto-xvi\/"},"modified":"2016-06-21T10:35:01","modified_gmt":"2016-06-21T15:35:01","slug":"concierto-natalicio-de-los-pueri-cantores-para-benedicto-xvi","status":"publish","type":"post","link":"https:\/\/www.biblia.work\/sermones\/concierto-natalicio-de-los-pueri-cantores-para-benedicto-xvi\/","title":{"rendered":"Concierto natalicio de los Pueri Cantores para Benedicto XVI"},"content":{"rendered":"<p style=\"text-align: justify;\"><strong>Concierto natalicio de los Pueri Cantores para Benedicto XVI<\/strong><\/p>\n<p style=\"text-align: justify;\">Foto: El Coro alem\u00e1n \u201cJugendkantorei su Eichst\u00e4tt Dom\u201d, se encuentra en Roma para participar en el 40\u00b0 Congreso Internacional promovido por la Federaci\u00f3n Internacional de los \u201cPueri Cantores\u201d. &#8211; RV<\/p>\n<p style=\"text-align: justify;\">\n<p style=\"text-align: justify;\">(RV).- Un concierto especial, lleno de alegr\u00eda y emociones fue el que presenci\u00f3 el Papa em\u00e9rito, Benedicto XVI, la tarde de este mi\u00e9rcoles, 30 de diciembre en el \u201cSal\u00f3n Assunta\u201d, en el estudio musical de Radio Vaticano situado dentro de los Jardines Vaticanos; donde se exhibi\u00f3 el Coro alem\u00e1n \u201cJugendkantorei su Eichst\u00e4tt Dom\u201d.<\/p>\n<p style=\"text-align: justify;\">El Coro, compuesto por 36 j\u00f3venes entre los 12 y 18 a\u00f1os, y bajo la direcci\u00f3n del maestro Christian Heiss, se encuentra en Roma para participar en el 40\u00b0 Congreso Internacional promovido por la Federaci\u00f3n Internacional de los \u201cPueri Cantores\u201d.<\/p>\n<p style=\"text-align: justify;\">El concierto, inspirado en la Navidad, tuvo en programa la ejecuci\u00f3n de los temas de Mendelssohn Bartoldy, Johannes Brahms, Benjamin Britten y el canto navide\u00f1o \u201cO du fr\u00f6hliche\u201d, compuesto por Mons. Georg Ratzinger, hermano del Papa em\u00e9rito, tambi\u00e9n presente en el concierto, junto a Mons. Georg Gaenswein, Prefecto de la Casa Pontificia y el Cardenal Giovanni Lajolo, ex Nuncio Apost\u00f3lico en Alemania.<\/p>\n<p style=\"text-align: justify;\">Antes de concluir el concierto y ante la sorpresa y alegr\u00eda de los j\u00f3venes, el Papa em\u00e9rito Benedicto XVI les agradeci\u00f3 su presentaci\u00f3n y les dese\u00f3 un \u201cFeliz A\u00f1o Nuevo\u201d y una buena estad\u00eda en la capital italiana.<\/p>\n<p style=\"text-align: justify;\">(Renato Martinez \u2013 RV)<\/p>\n","protected":false},"excerpt":{"rendered":"<p>Concierto natalicio de los Pueri Cantores para Benedicto XVI Foto: El Coro alem\u00e1n \u201cJugendkantorei su Eichst\u00e4tt Dom\u201d, se encuentra en Roma para participar en el 40\u00b0 Congreso Internacional promovido por la Federaci\u00f3n Internacional de los \u201cPueri Cantores\u201d. &#8211; RV (RV).- Un concierto especial, lleno de alegr\u00eda y emociones fue el que presenci\u00f3 el Papa em\u00e9rito, &hellip; <a href=\"https:\/\/www.biblia.work\/sermones\/concierto-natalicio-de-los-pueri-cantores-para-benedicto-xvi\/\" class=\"more-link\">Continuar leyendo<span class=\"screen-reader-text\"> \u00abConcierto natalicio de los Pueri Cantores para Benedicto XVI\u00bb<\/span><\/a><\/p>\n","protected":false},"author":1,"featured_media":0,"comment_status":"open","ping_status":"closed","sticky":false,"template":"","format":"standard","meta":{"footnotes":""},"categories":[1],"tags":[],"class_list":["post-36860","post","type-post","status-publish","format-standard","hentry","category-general"],"_links":{"self":[{"href":"https:\/\/www.biblia.work\/sermones\/wp-json\/wp\/v2\/posts\/36860","targetHints":{"allow":["GET"]}}],"collection":[{"href":"https:\/\/www.biblia.work\/sermones\/wp-json\/wp\/v2\/posts"}],"about":[{"href":"https:\/\/www.biblia.work\/sermones\/wp-json\/wp\/v2\/types\/post"}],"author":[{"embeddable":true,"href":"https:\/\/www.biblia.work\/sermones\/wp-json\/wp\/v2\/users\/1"}],"replies":[{"embeddable":true,"href":"https:\/\/www.biblia.work\/sermones\/wp-json\/wp\/v2\/comments?post=36860"}],"version-history":[{"count":0,"href":"https:\/\/www.biblia.work\/sermones\/wp-json\/wp\/v2\/posts\/36860\/revisions"}],"wp:attachment":[{"href":"https:\/\/www.biblia.work\/sermones\/wp-json\/wp\/v2\/media?parent=36860"}],"wp:term":[{"taxonomy":"category","embeddable":true,"href":"https:\/\/www.biblia.work\/sermones\/wp-json\/wp\/v2\/categories?post=36860"},{"taxonomy":"post_tag","embeddable":true,"href":"https:\/\/www.biblia.work\/sermones\/wp-json\/wp\/v2\/tags?post=36860"}],"curies":[{"name":"wp","href":"https:\/\/api.w.org\/{rel}","templated":true}]}}