{"id":36861,"date":"2016-06-21T10:35:11","date_gmt":"2016-06-21T15:35:11","guid":{"rendered":"http:\/\/www.biblia.work\/sermones\/el-papa-francisco-con-los-ninos-cantores\/"},"modified":"2016-06-21T10:35:11","modified_gmt":"2016-06-21T15:35:11","slug":"el-papa-francisco-con-los-ninos-cantores","status":"publish","type":"post","link":"https:\/\/www.biblia.work\/sermones\/el-papa-francisco-con-los-ninos-cantores\/","title":{"rendered":"El Papa Francisco con los Ni\u00f1os Cantores"},"content":{"rendered":"<p style=\"text-align: justify;\"><strong>Canta y camina, s\u00f3lo Dios es bueno, el Papa a los Ni\u00f1os Cantores<\/strong><\/p>\n<p style=\"text-align: justify;\">Foto: El Papa con los Ni\u00f1os Cantores &#8211; EPA (31-12-2015)<\/p>\n<p style=\"text-align: justify;\">(RV).- Seis mil Ni\u00f1os Cantores de numerosos coros infantiles, conocidos tambi\u00e9n como \u201cPueri cantores\u201d \u2013 que se dieron cita en Roma para celebrar su <strong>40\u00ba Congreso Internacional<\/strong> \u2013 se reunieron con el Santo Padre Francisco en el Aula Pablo VI de la Ciudad del Vaticano el \u00faltimo d\u00eda del a\u00f1o 2015 para escuchar, con atenci\u00f3n, las sugerencias y respuestas a las preguntas que le formularon.<\/p>\n<p style=\"text-align: justify;\" align=\"JUSTIFY\">\u201cMe gusta o\u00edr cantar, pero si yo cantara parecer\u00eda un asno, porque no s\u00e9 cantar y ni siquiera s\u00e9 hablar bien, porque tengo un defecto en el modo de hablar, en la fon\u00e9tica, pero me gusta mucho o\u00edr cantar\u201d. \u00a0As\u00ed lo afirm\u00f3 el <b>Papa<\/b> durante la amena audiencia celebrada con los <b>Ni\u00f1os Cantores<\/b> quienes, adem\u00e1s de cantar para el <b>Obispo de Roma<\/b>, le dirigieron algunas preguntas.<\/p>\n<p style=\"text-align: justify;\" align=\"JUSTIFY\"><b>\u00bfQu\u00e9 le hubiera gustado ser?<\/b><\/p>\n<p style=\"text-align: justify;\" align=\"JUSTIFY\">De hecho, <b>Francisco<\/b> les cont\u00f3 que de peque\u00f1o, cuando le hab\u00edan preguntado una vez qu\u00e9 quer\u00eda ser de grande, contest\u00f3 que le gustar\u00eda convertirse en uno de los carniceros que ve\u00eda en el mercado al que iba acompa\u00f1ado por su abuela o por su madre. \u201cCarnicero\u201d \u2013 dijo que respondi\u00f3 cuando en su casa un d\u00eda le hicieron esa pregunta mientras estaba sentado en la mesa con su familia \u2013 y explic\u00f3, \u201cporque el carnicero que hab\u00eda en el mercado tomaba el cuchillo y lo hac\u00eda con un arte\u201d que a \u00e9l le gustaba mucho. \u201cY luego, obviamente, cambi\u00e9 de idea\u201d, dijo el <b>Papa Bergoglio<\/b>.<\/p>\n<p style=\"text-align: justify;\" align=\"JUSTIFY\"><b>\u00bfSe enoja?<\/b><\/p>\n<p style=\"text-align: justify;\" align=\"JUSTIFY\">\u201cY s\u00ed, me enojo, \u00a1pero no muerdo!\u201d, respondi\u00f3 el <b>Papa<\/b> sonriendo a la pregunta de un ni\u00f1o. Y explic\u00f3 que a veces se enoja, cuando alguien hace una cosa que no est\u00e1 bien, pero dijo que lo ayuda detenerse y pensar en las veces en que \u00e9l hizo enojar a los dem\u00e1s\u201d.<\/p>\n<p style=\"text-align: justify;\" align=\"JUSTIFY\">Tambi\u00e9n afirm\u00f3 que \u201cel enojo es venenoso, te envenena el alma. Muchas veces he visto chicos y ni\u00f1os asustados, porque sus padres, o en la escuela, los reprenden. Y cuando uno est\u00e1 enojado y grita, hace mal, hiere. Es como dar una cuchillada. \u00bfEntendieron? Yo me enojo, es verdad, s\u00ed, a veces me enojo, pero me tranquiliza un poco pensar en las veces en que yo he hecho enojar a los dem\u00e1s. Y adem\u00e1s, enojarse no s\u00f3lo hace mal a la otra persona, sino a ti mismo. Gente amargada \u2013 dijo el <b>Papa<\/b> \u2013. Personas que viven siempre enojados. Gente que es as\u00ed. Es una enfermedad\u2026 Se entiende, si algo no me gusta, me enojo un poco\u201d.<\/p>\n<p style=\"text-align: justify;\" align=\"JUSTIFY\">\u201cLes pregunto a ustedes \u2013 a\u00f1adi\u00f3 Francisco \u2013 \u00bfc\u00f3mo era el alma de Jes\u00fas? \u00bfDulce a amarga?\u201d. A lo que los chicos respondieron en coro&#8230;<\/p>\n<p style=\"text-align: justify;\" align=\"JUSTIFY\">En el mundo \u201chay tantas cosas feas\u201d \u2013 \u00a0dijo tambi\u00e9n el Papa \u2013, pero tambi\u00e9n \u201ctanta gente santa\u201d que \u201cno se ve en la televisi\u00f3n\u201d. Y explic\u00f3 que existe esta atracci\u00f3n hacia el mal, que parece que gusta m\u00e1s ver cosas feas que cosas bellas, que como carecen de publicidad, carecen tambi\u00e9n de audiencia, puesto que, de lo contrario, con las cosas buenas, la gente se aburre\u2026 \u00a0<\/p>\n<p style=\"text-align: justify;\" align=\"JUSTIFY\">Y se pregunt\u00f3: \u201c\u00bfPor qu\u00e9 en la televisi\u00f3n no se ven las monjas de clausura que trascurren toda la vida rezando por todos nosotros?\u201d. Porque interesan m\u00e1s las joyas, las cosas que tienen que ver con la vanidad. Por eso les advirti\u00f3 que no debemos dejarnos enga\u00f1ar. \u201cEn el mundo \u2013 dijo \u2013 \u00a0hay cosas feas, pero tambi\u00e9n cosas santas\u201d.<\/p>\n<p style=\"text-align: justify;\" align=\"JUSTIFY\"><b>\u00bfCu\u00e1les son sus prop\u00f3sitos para el A\u00f1o Nuevo?<\/b><\/p>\n<p style=\"text-align: justify;\" align=\"JUSTIFY\">En cuanto a los buenos prop\u00f3sitos para el A\u00f1o Nuevo el <b>Papa Francisco<\/b> respondi\u00f3 a una ni\u00f1a: \u201cRezar m\u00e1s\u201d. Y explic\u00f3 que en estos d\u00edas en que dedic\u00f3 un poco de tiempo a hacer un retiro espiritual se propuso rezar m\u00e1s, porque se ha dado cuenta de que \u201clos obispos y los sacerdotes, y yo soy un obispo \u2013 dijo \u2013 deben sostener al pueblo de Dios ante todo con la oraci\u00f3n, que es el primer servicio\u201d.<\/p>\n<p style=\"text-align: justify;\" align=\"JUSTIFY\">Y les cont\u00f3 una historia: \u201cAl inicio del cristianismo hab\u00eda mucho trabajo porque tanta gente se convert\u00eda y los ap\u00f3stoles no ten\u00edan tiempo, y algunos iban a quejarse porque no atend\u00edan bien a las viudas, a los hu\u00e9rfanos\u2026 Era verdad, porque no ten\u00edan tiempo para hacer todo. Entonces hicieron un Concilio y decidieron que algunos hombres se dedicaran s\u00f3lo a servir a la gente\u2026 Es el momento de la creaci\u00f3n de los di\u00e1conos \u2013 dijo \u2013. Los di\u00e1conos nacieron as\u00ed. Pueden ver esto en el libro de los Hechos de los Ap\u00f3stoles\u201d.<\/p>\n<p style=\"text-align: justify;\" align=\"JUSTIFY\">\u201c\u00bfY qu\u00e9 dice <b>San Pedro<\/b>, el primer Papa? \u00a0\u2013 pregunt\u00f3 <b>Francisco<\/b> \u2013. Que ellos har\u00e1n esto, y nosotros los ap\u00f3stoles, s\u00f3lo dos cosas: la oraci\u00f3n y el anuncio del <b>Evangelio<\/b>, la predicaci\u00f3n; lo que significa que para un obispo el primer deber es la oraci\u00f3n. Porque no se puede ser obispo en la Iglesia sin la oraci\u00f3n en primer lugar; y despu\u00e9s el anuncio del Evangelio\u201d.<\/p>\n<p style=\"text-align: justify;\" align=\"JUSTIFY\">\u201cEn estos d\u00edas \u2013 \u00a0a\u00f1adi\u00f3 el <b>Pont\u00edfice<\/b> \u2013 \u00a0he pensado que un buen prop\u00f3sito para el a\u00f1o pr\u00f3ximo ser\u00eda \u00e9ste: rezar un poco m\u00e1s\u201d.<\/p>\n<p style=\"text-align: justify;\" align=\"JUSTIFY\">El <b>Papa<\/b> concluy\u00f3 este encuentro pidi\u00e9ndoles otra canci\u00f3n, no sin antes invitarlos a que repitieran c\u00f3mo debe ser la vida\u2026 \u201cCanta y camina\u201d \u2013 dijeron \u2013 \u201cy \u00bfqui\u00e9n es bueno?\u201d, a lo que respondieron en coro: \u201c\u00a1S\u00f3lo Dios es bueno!\u201d.<\/p>\n<p style=\"text-align: justify;\" align=\"JUSTIFY\">\u201cAhora puedo responder\u201d, dijo el Papa tras o\u00edrles: \u201c\u00a1Cantan muy bien!\u201d. A la vez que les imparti\u00f3 su bendici\u00f3n apost\u00f3lica, no sin antes invitarlos a rezar un <b>Avemar\u00eda<\/b> \u2013 cada uno en su lengua \u2013 y recordarles la cita del primer d\u00eda del <b>A\u00f1o Nuevo<\/b> en la <b>Bas\u00edlica Vaticana<\/b>, donde estos ni\u00f1os animar\u00e1n la celebraci\u00f3n <b>Eucar\u00edstica<\/b> que el <b>Papa Francisco<\/b> presidir\u00e1 a las 10.00 en la <b>Solemnidad<\/b> de <b>Mar\u00eda Sant\u00edsima Madre de Dios<\/b>, en que tambi\u00e9n concluir\u00e1 el 40\u00ba Congreso Internacional de los Ni\u00f1os Cantores.<\/p>\n<p style=\"text-align: justify;\">(Mar\u00eda Fernanda Bernasconi &#8211; RV).<\/p>\n","protected":false},"excerpt":{"rendered":"<p>Canta y camina, s\u00f3lo Dios es bueno, el Papa a los Ni\u00f1os Cantores Foto: El Papa con los Ni\u00f1os Cantores &#8211; EPA (31-12-2015) (RV).- Seis mil Ni\u00f1os Cantores de numerosos coros infantiles, conocidos tambi\u00e9n como \u201cPueri cantores\u201d \u2013 que se dieron cita en Roma para celebrar su 40\u00ba Congreso Internacional \u2013 se reunieron con el &hellip; <a href=\"https:\/\/www.biblia.work\/sermones\/el-papa-francisco-con-los-ninos-cantores\/\" class=\"more-link\">Continuar leyendo<span class=\"screen-reader-text\"> \u00abEl Papa Francisco con los Ni\u00f1os Cantores\u00bb<\/span><\/a><\/p>\n","protected":false},"author":1,"featured_media":0,"comment_status":"open","ping_status":"closed","sticky":false,"template":"","format":"standard","meta":{"footnotes":""},"categories":[1],"tags":[],"class_list":["post-36861","post","type-post","status-publish","format-standard","hentry","category-general"],"_links":{"self":[{"href":"https:\/\/www.biblia.work\/sermones\/wp-json\/wp\/v2\/posts\/36861","targetHints":{"allow":["GET"]}}],"collection":[{"href":"https:\/\/www.biblia.work\/sermones\/wp-json\/wp\/v2\/posts"}],"about":[{"href":"https:\/\/www.biblia.work\/sermones\/wp-json\/wp\/v2\/types\/post"}],"author":[{"embeddable":true,"href":"https:\/\/www.biblia.work\/sermones\/wp-json\/wp\/v2\/users\/1"}],"replies":[{"embeddable":true,"href":"https:\/\/www.biblia.work\/sermones\/wp-json\/wp\/v2\/comments?post=36861"}],"version-history":[{"count":0,"href":"https:\/\/www.biblia.work\/sermones\/wp-json\/wp\/v2\/posts\/36861\/revisions"}],"wp:attachment":[{"href":"https:\/\/www.biblia.work\/sermones\/wp-json\/wp\/v2\/media?parent=36861"}],"wp:term":[{"taxonomy":"category","embeddable":true,"href":"https:\/\/www.biblia.work\/sermones\/wp-json\/wp\/v2\/categories?post=36861"},{"taxonomy":"post_tag","embeddable":true,"href":"https:\/\/www.biblia.work\/sermones\/wp-json\/wp\/v2\/tags?post=36861"}],"curies":[{"name":"wp","href":"https:\/\/api.w.org\/{rel}","templated":true}]}}