{"id":36862,"date":"2016-06-21T10:35:15","date_gmt":"2016-06-21T15:35:15","guid":{"rendered":"http:\/\/www.biblia.work\/sermones\/el-papa-francisco-pide-oracion-y-apremiante-llamamiento-por-las-inundaciones\/"},"modified":"2016-06-21T10:35:15","modified_gmt":"2016-06-21T15:35:15","slug":"el-papa-francisco-pide-oracion-y-apremiante-llamamiento-por-las-inundaciones","status":"publish","type":"post","link":"https:\/\/www.biblia.work\/sermones\/el-papa-francisco-pide-oracion-y-apremiante-llamamiento-por-las-inundaciones\/","title":{"rendered":"El Papa Francisco pide oraci\u00f3n y apremiante llamamiento por las inundaciones"},"content":{"rendered":"<p style=\"text-align: justify;\"><strong>El Papa Francisco pide oraci\u00f3n y apremiante llamamiento por las inundaciones<\/strong><\/p>\n<p style=\"text-align: justify;\">(RV).- El Obispo de Roma expres\u00f3 su cercan\u00eda a los numeros\u00edsimos afectados por las tr\u00e1gicas inundaciones que se han producido en varios pa\u00edses del mundo, asolando extensas zonas tambi\u00e9n del cono sur americano. Como en Paraguay, Argentina, Brasil y Uruguay. As\u00ed como a las poblaciones del noroeste de Inglaterra y Galles y a las del suroeste estadounidense.<\/p>\n<p style=\"text-align: justify;\">En su audiencia general, en la que alent\u00f3 a los peregrinos de tantas partes del mundo a \u00abdifundir en lo cotidiano la luz de Cristo, que ha brillado sobre la humanidad en la Noche de la Navidad\u00bb, con su llamamiento a la oraci\u00f3n, el Papa exhort\u00f3 a la solidaridad fraterna para socorrer a los damnificados:<\/p>\n<p style=\"text-align: justify;\">\u00abInvito a rezar por las v\u00edctimas de las calamidades que en los \u00faltimos d\u00edas han afectado a los Estados Unidos, Gran Breta\u00f1a y Am\u00e9rica del Sur, en especial en Paraguay, causando lamentablemente v\u00edctimas mortales, numerosos evacuados y cuantiosos da\u00f1os materiales. Que el Se\u00f1or d\u00e9 consolaci\u00f3n a esas poblaciones y que la solidaridad fraterna las socorra en sus necesidades\u00bb.<\/p>\n<p style=\"text-align: justify;\">(CdM \u2013 RV)<\/p>\n<p style=\"text-align: justify;\">(from Vatican Radio)<\/p>\n","protected":false},"excerpt":{"rendered":"<p>El Papa Francisco pide oraci\u00f3n y apremiante llamamiento por las inundaciones (RV).- El Obispo de Roma expres\u00f3 su cercan\u00eda a los numeros\u00edsimos afectados por las tr\u00e1gicas inundaciones que se han producido en varios pa\u00edses del mundo, asolando extensas zonas tambi\u00e9n del cono sur americano. Como en Paraguay, Argentina, Brasil y Uruguay. As\u00ed como a las &hellip; <a href=\"https:\/\/www.biblia.work\/sermones\/el-papa-francisco-pide-oracion-y-apremiante-llamamiento-por-las-inundaciones\/\" class=\"more-link\">Continuar leyendo<span class=\"screen-reader-text\"> \u00abEl Papa Francisco pide oraci\u00f3n y apremiante llamamiento por las inundaciones\u00bb<\/span><\/a><\/p>\n","protected":false},"author":1,"featured_media":0,"comment_status":"open","ping_status":"closed","sticky":false,"template":"","format":"standard","meta":{"footnotes":""},"categories":[1],"tags":[],"class_list":["post-36862","post","type-post","status-publish","format-standard","hentry","category-general"],"_links":{"self":[{"href":"https:\/\/www.biblia.work\/sermones\/wp-json\/wp\/v2\/posts\/36862","targetHints":{"allow":["GET"]}}],"collection":[{"href":"https:\/\/www.biblia.work\/sermones\/wp-json\/wp\/v2\/posts"}],"about":[{"href":"https:\/\/www.biblia.work\/sermones\/wp-json\/wp\/v2\/types\/post"}],"author":[{"embeddable":true,"href":"https:\/\/www.biblia.work\/sermones\/wp-json\/wp\/v2\/users\/1"}],"replies":[{"embeddable":true,"href":"https:\/\/www.biblia.work\/sermones\/wp-json\/wp\/v2\/comments?post=36862"}],"version-history":[{"count":0,"href":"https:\/\/www.biblia.work\/sermones\/wp-json\/wp\/v2\/posts\/36862\/revisions"}],"wp:attachment":[{"href":"https:\/\/www.biblia.work\/sermones\/wp-json\/wp\/v2\/media?parent=36862"}],"wp:term":[{"taxonomy":"category","embeddable":true,"href":"https:\/\/www.biblia.work\/sermones\/wp-json\/wp\/v2\/categories?post=36862"},{"taxonomy":"post_tag","embeddable":true,"href":"https:\/\/www.biblia.work\/sermones\/wp-json\/wp\/v2\/tags?post=36862"}],"curies":[{"name":"wp","href":"https:\/\/api.w.org\/{rel}","templated":true}]}}