{"id":36974,"date":"2016-06-21T10:44:52","date_gmt":"2016-06-21T15:44:52","guid":{"rendered":"http:\/\/www.biblia.work\/sermones\/nuevo-llamamiento-del-papa-sobre-la-pobreza-y-el-sinodo\/"},"modified":"2016-06-21T10:44:52","modified_gmt":"2016-06-21T15:44:52","slug":"nuevo-llamamiento-del-papa-sobre-la-pobreza-y-el-sinodo","status":"publish","type":"post","link":"https:\/\/www.biblia.work\/sermones\/nuevo-llamamiento-del-papa-sobre-la-pobreza-y-el-sinodo\/","title":{"rendered":"Nuevo llamamiento del Papa sobre la pobreza y el S\u00ednodo"},"content":{"rendered":"<p style=\"text-align: justify;\"><strong>Nuevo llamamiento del Papa sobre la pobreza y el S\u00ednodo<\/strong><\/p>\n<p style=\"text-align: justify;\">14-10-2015<\/p>\n<p style=\"text-align: justify;\">Eliminar la pobreza impulsando la caridad de Cristo. Y oraciones por el S\u00ednodo. Nuevos llamamientos del Papa<\/p>\n<p style=\"text-align: justify;\">(RV).- <strong>Una vez m\u00e1s la exhortaci\u00f3n del Papa Francisco, afianzada en la caridad cristiana<\/strong>, \u00a0con su constante preocupaci\u00f3n por los m\u00e1s pobres y el respeto de la dignidad humana y los \u00a0derechos fundamentales.<\/p>\n<p style=\"text-align: justify;\">En su audiencia general, \u00a0de la segunda semana del S\u00ednodo de los Obispos sobre el tema de la familia, \u00a0&#8211; en la que se\u00f1al\u00f3 que reza por todas las familias, en <strong>especial por los ni\u00f1os, <\/strong>con el anhelo de que se impulse la atenci\u00f3n hacia los peque\u00f1os y se suscite en ellos el amor a Dios y a los hermanos &#8211; el Sucesor de Pedro reiter\u00f3 su constante llamamiento a la lucha contra la pobreza, recordando la celebraci\u00f3n de la Jornada \u00a0Mundial:<\/p>\n<p style=\"text-align: justify;\">\u00abEl pr\u00f3ximo s\u00e1bado 17 de octubre tiene lugar la <strong>Jornada Mundial del Rechazo de la Miseria<\/strong>. Esta jornada se propone acrecentar los esfuerzos para eliminar la extrema pobreza y la discriminaci\u00f3n y para asegurar que cada uno pueda ejercitar plenamente sus propios derechos fundamentales. Todos estamos invitados a hacer nuestra esta intenci\u00f3n para que la caridad de Cristo alcance y alivie a los hermanos y hermanas m\u00e1s pobres y abandonados\u00bb.<\/p>\n<p style=\"text-align: justify;\">Con su bienvenida a los peregrinos de lengua \u00e1rabe, en especial a los de Oriente Medio y al grupo de refugiados iraqu\u00edes y sirios, el Papa invit\u00f3 a ser leales con las promesas que se hacen a los ni\u00f1os y a no traicionar nunca su confianza.<\/p>\n<p style=\"text-align: justify;\">Pidiendo a todos <strong>oraciones por los trabajos sinodales<\/strong> y alentando a testimoniar la presencia constante de Dios en el mundo, a trav\u00e9s de la vida familiar, el Obispo de Roma exhort\u00f3 asimismo a acompa\u00f1ar a los pap\u00e1s y mam\u00e1s \u2013 dej\u00e1ndose guiar por el Esp\u00edritu Santo &#8211; a garantizar a sus hijos un futuro de vida y de fe. E invoc\u00f3 la ayuda de Mar\u00eda:<\/p>\n<p style=\"text-align: justify;\">\u00abLes pido que acompa\u00f1en con la oraci\u00f3n el S\u00ednodo en curso. Que <strong>la Virgen Madre nos ayude a seguir la voluntad de Dios<\/strong>, tomando las decisiones que convienen mejor para la familia \u00a1Recen tambi\u00e9n por m\u00ed! \u00a1Que el Se\u00f1or los bendiga!<\/p>\n<p style=\"text-align: justify;\">En el A\u00f1o de la <strong>Vida Consagrada<\/strong>, en sus palabras a los numerosos peregrinos de Polonia, el recuerdo del Papa de la devoci\u00f3n mariana del Beato Honorat Ksminski, fundador de diversas congregaciones, invitando a pedir el esp\u00edritu de fidelidad para todos los consagrados, as\u00ed como el don de santas vocaciones.<\/p>\n<p style=\"text-align: justify;\">En el d\u00eda de la memoria del Papa San Calixto m\u00e1rtir, al que est\u00e1n dedicadas las conocidas catacumbas romanas, el Santo Padre dese\u00f3 a los peregrinos que llegan a Roma que el recuerdo de tantos valientes <strong>testigos de Cristo<\/strong>\u00a0 fortaleza la fe de cada uno.<\/p>\n<p style=\"text-align: justify;\">Con su especial saludo a los j\u00f3venes, a los enfermos y a los reci\u00e9n casados, el Papa Francisco record\u00f3 que, en particular \u00a0en el mes de octubre, todos estamos llamados a <strong>sostener las misiones con la oraci\u00f3n y la solidaridad<\/strong>:<\/p>\n<p style=\"text-align: justify;\">\u00abQueridos j\u00f3venes, reciban con alegr\u00eda la invitaci\u00f3n del Se\u00f1or a emplear sus mejores energ\u00edas en el anuncio del Evangelio. Queridos enfermos, les agradezco el precioso ofrecimiento de su sacrificio por cuantos a\u00fan no conocen el amor de Dios. \u00a1Queridos reci\u00e9n casados, sigan proclamando con su vida el cari\u00f1o fiel del Se\u00f1or!\u00bb<\/p>\n<p style=\"text-align: justify;\">(CdM \u2013 RV)<\/p>\n<p style=\"text-align: justify;\">\n","protected":false},"excerpt":{"rendered":"<p>Nuevo llamamiento del Papa sobre la pobreza y el S\u00ednodo 14-10-2015 Eliminar la pobreza impulsando la caridad de Cristo. Y oraciones por el S\u00ednodo. Nuevos llamamientos del Papa (RV).- Una vez m\u00e1s la exhortaci\u00f3n del Papa Francisco, afianzada en la caridad cristiana, \u00a0con su constante preocupaci\u00f3n por los m\u00e1s pobres y el respeto de la &hellip; <a href=\"https:\/\/www.biblia.work\/sermones\/nuevo-llamamiento-del-papa-sobre-la-pobreza-y-el-sinodo\/\" class=\"more-link\">Continuar leyendo<span class=\"screen-reader-text\"> \u00abNuevo llamamiento del Papa sobre la pobreza y el S\u00ednodo\u00bb<\/span><\/a><\/p>\n","protected":false},"author":1,"featured_media":0,"comment_status":"open","ping_status":"closed","sticky":false,"template":"","format":"standard","meta":{"footnotes":""},"categories":[1],"tags":[],"class_list":["post-36974","post","type-post","status-publish","format-standard","hentry","category-general"],"_links":{"self":[{"href":"https:\/\/www.biblia.work\/sermones\/wp-json\/wp\/v2\/posts\/36974","targetHints":{"allow":["GET"]}}],"collection":[{"href":"https:\/\/www.biblia.work\/sermones\/wp-json\/wp\/v2\/posts"}],"about":[{"href":"https:\/\/www.biblia.work\/sermones\/wp-json\/wp\/v2\/types\/post"}],"author":[{"embeddable":true,"href":"https:\/\/www.biblia.work\/sermones\/wp-json\/wp\/v2\/users\/1"}],"replies":[{"embeddable":true,"href":"https:\/\/www.biblia.work\/sermones\/wp-json\/wp\/v2\/comments?post=36974"}],"version-history":[{"count":0,"href":"https:\/\/www.biblia.work\/sermones\/wp-json\/wp\/v2\/posts\/36974\/revisions"}],"wp:attachment":[{"href":"https:\/\/www.biblia.work\/sermones\/wp-json\/wp\/v2\/media?parent=36974"}],"wp:term":[{"taxonomy":"category","embeddable":true,"href":"https:\/\/www.biblia.work\/sermones\/wp-json\/wp\/v2\/categories?post=36974"},{"taxonomy":"post_tag","embeddable":true,"href":"https:\/\/www.biblia.work\/sermones\/wp-json\/wp\/v2\/tags?post=36974"}],"curies":[{"name":"wp","href":"https:\/\/api.w.org\/{rel}","templated":true}]}}