{"id":36993,"date":"2016-06-21T10:54:57","date_gmt":"2016-06-21T15:54:57","guid":{"rendered":"http:\/\/www.biblia.work\/sermones\/i-congreso-eucaristico-de-la-republica-checa\/"},"modified":"2016-06-21T10:54:57","modified_gmt":"2016-06-21T15:54:57","slug":"i-congreso-eucaristico-de-la-republica-checa","status":"publish","type":"post","link":"https:\/\/www.biblia.work\/sermones\/i-congreso-eucaristico-de-la-republica-checa\/","title":{"rendered":"I Congreso Eucar\u00edstico de la Rep\u00fablica Checa"},"content":{"rendered":"<p><b>Cardenal Cordes, enviado especial a la clausura del I Congreso Eucar\u00edstico de la Rep\u00fablica Checa<\/b><\/p>\n<p>Ciudad del Vaticano, 10 de octubre de 2015 (Vis).-<\/p>\n<p>Se ha publicado hoy la carta, escrita en lat\u00edn y fechada el 17 de septiembren en la que el Santo Padre nombra al cardenal <strong>Paul Josef Cordes<\/strong>, Presidente em\u00e9rito del <strong>Pontificio Consejo &#8220;Cor Unum&#8221;<\/strong>, su enviado especial en la clausura del <strong>I Congreso Eucar\u00edstico Nacional de la Rep\u00fablica Checa (Brno, 17 octubre 2015).<\/strong><\/p>\n<p align=\"justify\">\n<p>Tambi\u00e9n se han dado a conocer los miembros de la misi\u00f3n que acompa\u00f1ar\u00e1 en esa ocasi\u00f3n al purpurado\u00a0Revdo. <strong>Radek Tich\u00fd<\/strong>, del clero de la arquidi\u00f3cesis de Praga, administrador de la parroquia de O?ech, vicario parroquial de la iglesia de Santiago el Mayor en Praga-Sotd?lky, docente de Liturgia en la Facultad Teol\u00f3gica Cat\u00f3lica de la Universidad de Karlovo en Praga.<\/p>\n<p>Revdo. <strong>Zdenk Mar<\/strong>, del clero de la di\u00f3cesis de ?esk\u00e9 Bud?jovice, administrador de la parroquia de la catedral, decano del Cap\u00edtulo y docente de Teolog\u00eda Sistem\u00e1tica en la Facultad Teol\u00f3gica de la Universidad de Bohemia del Sur.<\/p>\n","protected":false},"excerpt":{"rendered":"<p>Cardenal Cordes, enviado especial a la clausura del I Congreso Eucar\u00edstico de la Rep\u00fablica Checa Ciudad del Vaticano, 10 de octubre de 2015 (Vis).- Se ha publicado hoy la carta, escrita en lat\u00edn y fechada el 17 de septiembren en la que el Santo Padre nombra al cardenal Paul Josef Cordes, Presidente em\u00e9rito del Pontificio &hellip; <a href=\"https:\/\/www.biblia.work\/sermones\/i-congreso-eucaristico-de-la-republica-checa\/\" class=\"more-link\">Continuar leyendo<span class=\"screen-reader-text\"> \u00abI Congreso Eucar\u00edstico de la Rep\u00fablica Checa\u00bb<\/span><\/a><\/p>\n","protected":false},"author":1,"featured_media":0,"comment_status":"open","ping_status":"closed","sticky":false,"template":"","format":"standard","meta":{"footnotes":""},"categories":[1],"tags":[],"class_list":["post-36993","post","type-post","status-publish","format-standard","hentry","category-general"],"_links":{"self":[{"href":"https:\/\/www.biblia.work\/sermones\/wp-json\/wp\/v2\/posts\/36993","targetHints":{"allow":["GET"]}}],"collection":[{"href":"https:\/\/www.biblia.work\/sermones\/wp-json\/wp\/v2\/posts"}],"about":[{"href":"https:\/\/www.biblia.work\/sermones\/wp-json\/wp\/v2\/types\/post"}],"author":[{"embeddable":true,"href":"https:\/\/www.biblia.work\/sermones\/wp-json\/wp\/v2\/users\/1"}],"replies":[{"embeddable":true,"href":"https:\/\/www.biblia.work\/sermones\/wp-json\/wp\/v2\/comments?post=36993"}],"version-history":[{"count":0,"href":"https:\/\/www.biblia.work\/sermones\/wp-json\/wp\/v2\/posts\/36993\/revisions"}],"wp:attachment":[{"href":"https:\/\/www.biblia.work\/sermones\/wp-json\/wp\/v2\/media?parent=36993"}],"wp:term":[{"taxonomy":"category","embeddable":true,"href":"https:\/\/www.biblia.work\/sermones\/wp-json\/wp\/v2\/categories?post=36993"},{"taxonomy":"post_tag","embeddable":true,"href":"https:\/\/www.biblia.work\/sermones\/wp-json\/wp\/v2\/tags?post=36993"}],"curies":[{"name":"wp","href":"https:\/\/api.w.org\/{rel}","templated":true}]}}